{"id":912,"date":"2018-02-01T10:02:40","date_gmt":"2018-02-01T09:02:40","guid":{"rendered":"http:\/\/sereingeniera.ugr.es\/?p=912"},"modified":"2018-02-01T10:02:40","modified_gmt":"2018-02-01T09:02:40","slug":"celebremos-de-nuevo-el-11f","status":"publish","type":"post","link":"https:\/\/sereingeniera.ugr.es\/index.php\/2018\/02\/01\/celebremos-de-nuevo-el-11f\/","title":{"rendered":"Celebremos de nuevo el 11F"},"content":{"rendered":"<p style=\"text-align: justify;\"><span style=\"font-weight: 400;\">Como ya hicimos <\/span><a href=\"http:\/\/sereingeniera.ugr.es\/index.php\/2017\/01\/19\/celebremos-el-11-de-febrero\/\"><span style=\"font-weight: 400;\">el a\u00f1o pasado<\/span><\/a><span style=\"font-weight: 400;\">, volvemos este mes de febrero con diferentes iniciativas para celebrar el <a href=\"http:\/\/www.un.org\/es\/events\/women-and-girls-in-science-day\/\"><strong>D\u00eda Internacional de la Mujer y la Ni\u00f1a en la Ciencia<\/strong><\/a>. El objetivo es visualizar el papel de las mujeres en la Ciencia y vamos de la mano de <a href=\"http:\/\/11defebrero.org\"><strong>11defebrero.org.<\/strong><\/a><\/span><\/p>\n<p><img loading=\"lazy\" decoding=\"async\" class=\"aligncenter wp-image-841\" src=\"http:\/\/sereingeniera.ugr.es\/wp-content\/uploads\/2018\/01\/11febrero-300x300.jpg\" alt=\"Logotipo de la inicitiva 11 de febrero\" width=\"131\" height=\"131\" srcset=\"https:\/\/sereingeniera.ugr.es\/wp-content\/uploads\/2018\/01\/11febrero-300x300.jpg 300w, https:\/\/sereingeniera.ugr.es\/wp-content\/uploads\/2018\/01\/11febrero-150x150.jpg 150w, https:\/\/sereingeniera.ugr.es\/wp-content\/uploads\/2018\/01\/11febrero.jpg 400w\" sizes=\"auto, (max-width: 131px) 100vw, 131px\" \/><\/p>\n<p style=\"text-align: justify;\"><span style=\"font-weight: 400;\">Entre otras actividades que se celebran en centros educativos y diferentes espacios de las ciudades, destacamos en esta entrada las que m\u00e1s nos gustan. Puedes ver una <strong>lista m\u00e1s completa<\/strong> en la <\/span><a href=\"http:\/\/11defebrero.org\"><span style=\"font-weight: 400;\">web de la iniciativa<\/span><\/a><span style=\"font-weight: 400;\">.<\/span><\/p>\n<h4><b>Granada<\/b><\/h4>\n<ul>\n<li style=\"text-align: justify;\"><span style=\"font-weight: 400;\">La <\/span><strong><a href=\"http:\/\/osl.ugr.es\/\">Oficina de Software Libre<\/a><\/strong><span style=\"font-weight: 400;\">\u00a0de la Universidad de Granada va a estar en el CEIP Fuentenueva haciendo un <\/span><b>taller de Arduino<\/b><span style=\"font-weight: 400;\"> a los escolares de 6\u00ba de primaria. Adem\u00e1s, en este centro se van a realizar <\/span><a href=\"http:\/\/ampafuentenueva.blogspot.com.es\/\"><span style=\"font-weight: 400;\">m\u00e1s de 30 talleres y charlas<\/span><\/a><span style=\"font-weight: 400;\"> en las semanas previas, en unas jornadas que comenzaron siendo <\/span><i><span style=\"font-weight: 400;\">Semana de la Ciencia<\/span><\/i><span style=\"font-weight: 400;\"> pero casi se ha convertido en <\/span><i><span style=\"font-weight: 400;\">Mes de la Ciencia<\/span><\/i><span style=\"font-weight: 400;\">. Para culminar este ciclo, hay organizado un homenaje a tres generaciones de cient\u00edficas -una de las generaciones en realidad <\/span><i><span style=\"font-weight: 400;\">futuras<\/span><\/i> <i><span style=\"font-weight: 400;\">cient\u00edficas<\/span><\/i><span style=\"font-weight: 400;\">-, acto que estar\u00e1 presidido por la Rectora de la Universidad de Granada, Pilar Aranda.<\/span><\/li>\n<li style=\"text-align: justify;\"><span style=\"font-weight: 400;\">Por segundo a\u00f1o consecutivo nuestras aliadas de <\/span><strong><a href=\"https:\/\/geekandtechgirls.github.io\/\">Geek &amp; Tech Girls<\/a><\/strong><span style=\"font-weight: 400;\">\u00a0promueven realizar una <\/span><b>foto de grupo<\/b><span style=\"font-weight: 400;\"> en la que aparezcan las mujeres que trabajan en la<\/span><a href=\"https:\/\/etsiit.ugr.es\/\"><span style=\"font-weight: 400;\"> Escuela T\u00e9cnica Superior de Ingenier\u00edas Inform\u00e1tica y de Telecomunicaci\u00f3n<\/span><\/a><span style=\"font-weight: 400;\">.<\/span><\/li>\n<\/ul>\n<p>&nbsp;<\/p>\n<div class=\"mceTemp\"><\/div>\n<figure id=\"attachment_934\" aria-describedby=\"caption-attachment-934\" style=\"width: 629px\" class=\"wp-caption aligncenter\"><img loading=\"lazy\" decoding=\"async\" class=\"wp-image-934\" src=\"http:\/\/sereingeniera.ugr.es\/wp-content\/uploads\/2018\/01\/11febD\u00eda-mujerCiencias-300x133.jpg\" alt=\"FFCC 2017\" width=\"629\" height=\"279\" srcset=\"https:\/\/sereingeniera.ugr.es\/wp-content\/uploads\/2018\/01\/11febD\u00eda-mujerCiencias-300x133.jpg 300w, https:\/\/sereingeniera.ugr.es\/wp-content\/uploads\/2018\/01\/11febD\u00eda-mujerCiencias-768x341.jpg 768w, https:\/\/sereingeniera.ugr.es\/wp-content\/uploads\/2018\/01\/11febD\u00eda-mujerCiencias.jpg 1024w\" sizes=\"auto, (max-width: 629px) 100vw, 629px\" \/><figcaption id=\"caption-attachment-934\" class=\"wp-caption-text\">Foto de Grupo celebrando el 11F en la Facultad de Ciencias de la Universidad de Granada en el 2017<\/figcaption><\/figure>\n<figure id=\"attachment_935\" aria-describedby=\"caption-attachment-935\" style=\"width: 300px\" class=\"wp-caption aligncenter\"><img loading=\"lazy\" decoding=\"async\" class=\"wp-image-935 size-medium\" src=\"http:\/\/sereingeniera.ugr.es\/wp-content\/uploads\/2018\/01\/11febD\u00eda-mujer-300x169.jpg\" alt=\"Foto ETSIIT 2017\" width=\"300\" height=\"169\" srcset=\"https:\/\/sereingeniera.ugr.es\/wp-content\/uploads\/2018\/01\/11febD\u00eda-mujer-300x169.jpg 300w, https:\/\/sereingeniera.ugr.es\/wp-content\/uploads\/2018\/01\/11febD\u00eda-mujer-768x432.jpg 768w, https:\/\/sereingeniera.ugr.es\/wp-content\/uploads\/2018\/01\/11febD\u00eda-mujer.jpg 808w\" sizes=\"auto, (max-width: 300px) 100vw, 300px\" \/><figcaption id=\"caption-attachment-935\" class=\"wp-caption-text\">Foto de grupo celebrando el 11F en la Escuela T\u00e9cnica Superior de Ingenier\u00eda Inform\u00e1tica y Telecomunicaci\u00f3n de la Universidad de Granada en 2017<\/figcaption><\/figure>\n<ul>\n<li style=\"text-align: justify;\"><span style=\"font-weight: 400;\">El viernes 9\u00a0de febrero por la tarde, la empresa spin-off de la Universidad de Granada, <\/span><strong><a href=\"http:\/\/conecta13.com\/\">Conecta13<\/a><\/strong><span style=\"font-weight: 400;\">\u00a0organiza \u00a0una <a href=\"http:\/\/conecta13.com\/noticias\/jornada-abierta-mujer-y-ciencia-2018\/\"><strong>Jornada Abierta de Mujer y Ciencia 2018<\/strong><\/a>. El acto comenzar\u00e1 a las 17:00 en la Sala de Conferencias del <a href=\"https:\/\/goo.gl\/maps\/TbtRSp99UW72\" target=\"_blank\" rel=\"noopener\">Centro de Transferencia Tecnol\u00f3gica de la UGR<\/a>, en la sexta planta de Gran V\u00eda 48.<\/span><\/li>\n<li style=\"text-align: justify;\"><span style=\"font-weight: 400;\">En la<\/span><a href=\"https:\/\/fciencias.ugr.es\/\"><span style=\"font-weight: 400;\"><strong> Facultad de Ciencias<\/strong><\/span><\/a><span style=\"font-weight: 400;\"> habr\u00e1 un programa de actividades muy completo, en el que se incluye el <strong>Festival <\/strong><\/span><strong><a href=\"http:\/\/aulacientificaugr.es\/actividades-centros\">M\u00fasica y Ciencia<\/a><\/strong><span style=\"font-weight: 400;\">, los d\u00edas 14, 15 y 16 de febrero. Adem\u00e1s, los d\u00edas 15 y 16 de febrero <\/span><span style=\"font-weight: 400;\">hay organizada una jornada en el\u00a0<a href=\"http:\/\/wpd.ugr.es\/~iemath\/es\/events\/event\/jornadas-de-mujer-en-la-ciencia\/\">IEMath<\/a>:\u00a0<strong>Jornada de mujer en la ciencia<\/strong>, con un programa lleno de exposiciones, mesas redondas, charlas y \u00a1hasta un paseo matem\u00e1tico!.\u00a0<\/span><span style=\"font-weight: 400;\">El viernes d\u00eda 16 de febrero, a las 13:00 y como colof\u00f3n final, se har\u00e1 una <strong>foto de grupo<\/strong> en el Hall de la Facultad con todas las trabajadoras del centro, la Rectora de la Universidad y todas aquellas mujeres cient\u00edficas que quieran sumarse.<\/span><b><\/b><\/li>\n<\/ul>\n<h4><b>Ja\u00e9n<\/b><\/h4>\n<ul>\n<li style=\"font-weight: 400; text-align: justify;\"><span style=\"font-weight: 400;\">La UJA este a\u00f1o est\u00e1 celebrando su <strong>XXV Aniversario<\/strong>, por lo que las <\/span><a href=\"http:\/\/www10.ujaen.es\/sites\/default\/files\/users\/gprensa\/Programa_Actividades_25_Aniversario_UJA.pdf\"><span style=\"font-weight: 400;\">actividades que organiza<\/span><\/a><span style=\"font-weight: 400;\"> est\u00e1n principalmente enmarcadas dentro de esta celebraci\u00f3n. En su programa podemos ver la mesa redonda <\/span><b>Investigadoras en la UJA: Una reflexi\u00f3n compartida en el 25 Aniversario<\/b><span style=\"font-weight: 400;\">. Esta mesa redonda ser\u00e1 el mi\u00e9rcoles 7 de marzo a las 11.00 en el Sal\u00f3n de Grados del Edificio A3 del Campus de Las Lagunillas.<\/span><\/li>\n<\/ul>\n<h4><b>Linares<\/b><\/h4>\n<ul>\n<li style=\"font-weight: 400; text-align: justify;\"><span style=\"font-weight: 400;\">En la Escuela Polit\u00e9cnica Superior de Linares el d\u00eda 8 de febrero se celebra el taller <\/span><b>Descubre la Ingenier\u00eda<\/b><span style=\"font-weight: 400;\"> en el que participar\u00e1n aproximadamente 45 estudiantes de segundo de bachillerato y ciclos formativos del IES Himilce de Linares. Los estudiantes son recibidos en el Sal\u00f3n de Grados y m\u00e1s tarde en la Sala de Divulgaci\u00f3n de la Ingenier\u00eda, donde un grupo de monitoras voluntarias -estudiantes de \u00faltimos cursos- llevaran a cabo el taller.<\/span><\/li>\n<\/ul>\n<h4><b>Sevilla<\/b><\/h4>\n<ul>\n<li style=\"font-weight: 400; text-align: justify;\"><span style=\"font-weight: 400;\">El 10 de febrero a las 12:00 se emite <\/span><b>\u00a1Las cient\u00edficas tienen algo que decir!<\/b><span style=\"font-weight: 400;\">, un programa de RadiOlavide. En este programa especial participan la<\/span><a href=\"https:\/\/www.upo.es\/upsc\/igualdad\/\"><span style=\"font-weight: 400;\"> Oficina para la Igualdad<\/span><\/a><span style=\"font-weight: 400;\"> y profesorado de la <\/span><a href=\"https:\/\/www.upo.es\/fcex\/portada\"><span style=\"font-weight: 400;\">Facultad de Experimentales<\/span><\/a><span style=\"font-weight: 400;\"> de la UPO en colaboraci\u00f3n con <\/span><a href=\"http:\/\/www.radiolavide.org\/\"><span style=\"font-weight: 400;\">RadiOlavide<\/span><\/a><span style=\"font-weight: 400;\">, con el objetivo de reflexionar en torno a la situaci\u00f3n de las mujeres en la carrera cient\u00edfica, visibilizar su trabajo y promover pr\u00e1cticas y actitudes que favorezcan la igualdad de g\u00e9nero en el \u00e1mbito cient\u00edfico.<\/span><\/li>\n<li style=\"font-weight: 400; text-align: justify;\"><span style=\"font-weight: 400;\">En el <\/span><a href=\"http:\/\/participasevilla.sevilla.org\/?page_id=142\"><span style=\"font-weight: 400;\">Centro C\u00edvico Las Sirenas<\/span><\/a><span style=\"font-weight: 400;\"> (Alameda de H\u00e9rcules, 30) habr\u00e1 una <\/span><b>mesa redonda<\/b><span style=\"font-weight: 400;\"> el d\u00eda 12 de Febrero, de 16:30 a 20:30 para hablar de la brecha de g\u00e9nero que hay en los puestos de responsabilidad en la carrera cient\u00edfica. Se trata de aprender tambi\u00e9n de otras \u00e1reas de estudio, identificando programas y aproximaciones que hayan sido efectivas. Al final, se realizar\u00e1 un taller sobre inventos e inventoras.<\/span><\/li>\n<li style=\"font-weight: 400; text-align: justify;\"><span style=\"font-weight: 400;\">Coordinado por el <\/span><a href=\"https:\/\/www.senc.es\/wp-content\/uploads\/2017\/12\/Jornada-de-Neurocienti%CC%81ficas-general.pdf\"><span style=\"font-weight: 400;\">Comit\u00e9 de Mujeres en Neurociencia<\/span><\/a><span style=\"font-weight: 400;\"> de la <\/span><a href=\"https:\/\/www.senc.es\/\"><span style=\"font-weight: 400;\">Sociedad Espa\u00f1ola de Neurociencia (SENC)<\/span><\/a><span style=\"font-weight: 400;\">, las Universidades de Sevilla y de Pablo de Olavide, junto con el IBiS, organizan un<\/span><b> simposium de charlas cient\u00edficas<\/b><span style=\"font-weight: 400;\">, cuyas ponentes ser\u00e1n mujeres investigadoras de estas Instituciones. El lugar es el Sal\u00f3n de Actos de la Facultad de Matem\u00e1ticas de la Universidad de Sevilla (Campus Reina Mercedes), el d\u00eda 12 de Febrero de 9:00 a 13:00.<\/span><\/li>\n<li style=\"font-weight: 400; text-align: justify;\"><span style=\"font-weight: 400;\">En el Sal\u00f3n de Actos del <\/span><strong><a href=\"http:\/\/www.cabd.es\/\">Centro Andaluz de Biolog\u00eda del Desarrollo<\/a><\/strong><span style=\"font-weight: 400;\"> de la Universidad Pablo de Olavide, el 6 de febrero de 12 a 14h habr\u00e1 una <\/span><b>mesa redonda<\/b><span style=\"font-weight: 400;\">. Abordar\u00e1 la desigualdad de g\u00e9nero que afecta a todos los \u00e1mbitos sociales y laborales a nivel global, facilitando su discusi\u00f3n en un espacio de reflexi\u00f3n donde todas las personas implicadas puedan participar en la construcci\u00f3n de una nueva realidad m\u00e1s justa e igualitaria.<\/span><\/li>\n<li style=\"font-weight: 400; text-align: justify;\"><a href=\"https:\/\/11defebrero.org\/2017\/12\/20\/tu-imagen-cuenta\/\"><b style=\"line-height: 1.5;\">T<\/b><b>u imagen cuenta<\/b><\/a><span style=\"font-weight: 400;\"> es una llamada para que el d\u00eda 9 de febrero a las 12.30 horas en el Rectorado de la <\/span><a style=\"line-height: 1.5;\" href=\"http:\/\/www.us.es\/\">Universidad de Sevilla<\/a><span style=\"font-weight: 400;\"> todas las investigadoras, personal t\u00e9cnico de laborartorio y doctorandas de la US se retraten en una foto de impacto con el mayor n\u00famero de mujeres posibles de todas las \u00e1reas del conocimiento.<\/span><\/li>\n<\/ul>\n","protected":false},"excerpt":{"rendered":"<p>Como ya hicimos el a\u00f1o pasado, volvemos este mes de febrero con diferentes iniciativas para celebrar el D\u00eda Internacional de la Mujer y la Ni\u00f1a en la Ciencia. El objetivo es visualizar el papel de las mujeres en la Ciencia y vamos de la mano de 11defebrero.org. Entre otras actividades que se celebran en centros &hellip; <a href=\"https:\/\/sereingeniera.ugr.es\/index.php\/2018\/02\/01\/celebremos-de-nuevo-el-11f\/\" class=\"more-link\">Seguir leyendo <span class=\"screen-reader-text\">Celebremos de nuevo el 11F<\/span> <span class=\"meta-nav\">&rarr;<\/span><\/a><\/p>\n","protected":false},"author":2,"featured_media":0,"comment_status":"open","ping_status":"open","sticky":false,"template":"","format":"standard","meta":{"footnotes":"","_links_to":"","_links_to_target":""},"categories":[1],"tags":[146,160,158,151,159,147,136,157,150,161,156,148,154,153,152,155,149],"class_list":["post-912","post","type-post","status-publish","format-standard","hentry","category-general","tag-11defebrero","tag-actividades","tag-charlas","tag-cientificas","tag-conferencias","tag-dia-de-la-mujer-y-la-nina-en-la-ciencia","tag-divulgacion","tag-mesa-redonda","tag-mujeres-en-stem","tag-paseo-matematico","tag-sereingeniera","tag-talleres","tag-ugr","tag-uja","tag-universidad","tag-upo","tag-visibilizacion"],"yoast_head":"<!-- This site is optimized with the Yoast SEO plugin v27.5 - https:\/\/yoast.com\/product\/yoast-seo-wordpress\/ -->\n<title>Celebremos de nuevo el 11F - Ser\u00e9 Ingeniera<\/title>\n<meta name=\"robots\" content=\"index, follow, max-snippet:-1, max-image-preview:large, max-video-preview:-1\" \/>\n<link rel=\"canonical\" href=\"https:\/\/sereingeniera.ugr.es\/index.php\/2018\/02\/01\/celebremos-de-nuevo-el-11f\/\" \/>\n<meta property=\"og:locale\" content=\"es_ES\" \/>\n<meta property=\"og:type\" content=\"article\" \/>\n<meta property=\"og:title\" content=\"Celebremos de nuevo el 11F - Ser\u00e9 Ingeniera\" \/>\n<meta property=\"og:description\" content=\"Como ya hicimos el a\u00f1o pasado, volvemos este mes de febrero con diferentes iniciativas para celebrar el D\u00eda Internacional de la Mujer y la Ni\u00f1a en la Ciencia. El objetivo es visualizar el papel de las mujeres en la Ciencia y vamos de la mano de 11defebrero.org. Entre otras actividades que se celebran en centros &hellip; Seguir leyendo Celebremos de nuevo el 11F &rarr;\" \/>\n<meta property=\"og:url\" content=\"https:\/\/sereingeniera.ugr.es\/index.php\/2018\/02\/01\/celebremos-de-nuevo-el-11f\/\" \/>\n<meta property=\"og:site_name\" content=\"Ser\u00e9 Ingeniera\" \/>\n<meta property=\"article:published_time\" content=\"2018-02-01T09:02:40+00:00\" \/>\n<meta property=\"og:image\" content=\"http:\/\/sereingeniera.ugr.es\/wp-content\/uploads\/2018\/01\/11febrero-300x300.jpg\" \/>\n<meta name=\"author\" content=\"SereIngeniera\" \/>\n<meta name=\"twitter:card\" content=\"summary_large_image\" \/>\n<meta name=\"twitter:label1\" content=\"Escrito por\" \/>\n\t<meta name=\"twitter:data1\" content=\"SereIngeniera\" \/>\n\t<meta name=\"twitter:label2\" content=\"Tiempo de lectura\" \/>\n\t<meta name=\"twitter:data2\" content=\"5 minutos\" \/>\n<script type=\"application\/ld+json\" class=\"yoast-schema-graph\">{\"@context\":\"https:\\\/\\\/schema.org\",\"@graph\":[{\"@type\":\"Article\",\"@id\":\"https:\\\/\\\/sereingeniera.ugr.es\\\/index.php\\\/2018\\\/02\\\/01\\\/celebremos-de-nuevo-el-11f\\\/#article\",\"isPartOf\":{\"@id\":\"https:\\\/\\\/sereingeniera.ugr.es\\\/index.php\\\/2018\\\/02\\\/01\\\/celebremos-de-nuevo-el-11f\\\/\"},\"author\":{\"name\":\"SereIngeniera\",\"@id\":\"https:\\\/\\\/sereingeniera.ugr.es\\\/#\\\/schema\\\/person\\\/6cd5d81d75894fd6ff14a649b664f4d8\"},\"headline\":\"Celebremos de nuevo el 11F\",\"datePublished\":\"2018-02-01T09:02:40+00:00\",\"mainEntityOfPage\":{\"@id\":\"https:\\\/\\\/sereingeniera.ugr.es\\\/index.php\\\/2018\\\/02\\\/01\\\/celebremos-de-nuevo-el-11f\\\/\"},\"wordCount\":979,\"commentCount\":0,\"image\":{\"@id\":\"https:\\\/\\\/sereingeniera.ugr.es\\\/index.php\\\/2018\\\/02\\\/01\\\/celebremos-de-nuevo-el-11f\\\/#primaryimage\"},\"thumbnailUrl\":\"http:\\\/\\\/sereingeniera.ugr.es\\\/wp-content\\\/uploads\\\/2018\\\/01\\\/11febrero-300x300.jpg\",\"keywords\":[\"11defebrero\",\"Actividades\",\"Charlas\",\"Cient\u00edficas\",\"Conferencias\",\"D\u00eda de la Mujer y la Ni\u00f1a en la Ciencia\",\"Divulgaci\u00f3n\",\"Mesa redonda\",\"Mujeres en STEM\",\"Paseo Matem\u00e1tico\",\"sereingeniera\",\"Talleres\",\"UGR\",\"UJA\",\"Universidad\",\"UPO\",\"Visibilizaci\u00f3n\"],\"articleSection\":[\"General\"],\"inLanguage\":\"es\",\"potentialAction\":[{\"@type\":\"CommentAction\",\"name\":\"Comment\",\"target\":[\"https:\\\/\\\/sereingeniera.ugr.es\\\/index.php\\\/2018\\\/02\\\/01\\\/celebremos-de-nuevo-el-11f\\\/#respond\"]}]},{\"@type\":\"WebPage\",\"@id\":\"https:\\\/\\\/sereingeniera.ugr.es\\\/index.php\\\/2018\\\/02\\\/01\\\/celebremos-de-nuevo-el-11f\\\/\",\"url\":\"https:\\\/\\\/sereingeniera.ugr.es\\\/index.php\\\/2018\\\/02\\\/01\\\/celebremos-de-nuevo-el-11f\\\/\",\"name\":\"Celebremos de nuevo el 11F - Ser\u00e9 Ingeniera\",\"isPartOf\":{\"@id\":\"https:\\\/\\\/sereingeniera.ugr.es\\\/#website\"},\"primaryImageOfPage\":{\"@id\":\"https:\\\/\\\/sereingeniera.ugr.es\\\/index.php\\\/2018\\\/02\\\/01\\\/celebremos-de-nuevo-el-11f\\\/#primaryimage\"},\"image\":{\"@id\":\"https:\\\/\\\/sereingeniera.ugr.es\\\/index.php\\\/2018\\\/02\\\/01\\\/celebremos-de-nuevo-el-11f\\\/#primaryimage\"},\"thumbnailUrl\":\"http:\\\/\\\/sereingeniera.ugr.es\\\/wp-content\\\/uploads\\\/2018\\\/01\\\/11febrero-300x300.jpg\",\"datePublished\":\"2018-02-01T09:02:40+00:00\",\"author\":{\"@id\":\"https:\\\/\\\/sereingeniera.ugr.es\\\/#\\\/schema\\\/person\\\/6cd5d81d75894fd6ff14a649b664f4d8\"},\"breadcrumb\":{\"@id\":\"https:\\\/\\\/sereingeniera.ugr.es\\\/index.php\\\/2018\\\/02\\\/01\\\/celebremos-de-nuevo-el-11f\\\/#breadcrumb\"},\"inLanguage\":\"es\",\"potentialAction\":[{\"@type\":\"ReadAction\",\"target\":[\"https:\\\/\\\/sereingeniera.ugr.es\\\/index.php\\\/2018\\\/02\\\/01\\\/celebremos-de-nuevo-el-11f\\\/\"]}]},{\"@type\":\"ImageObject\",\"inLanguage\":\"es\",\"@id\":\"https:\\\/\\\/sereingeniera.ugr.es\\\/index.php\\\/2018\\\/02\\\/01\\\/celebremos-de-nuevo-el-11f\\\/#primaryimage\",\"url\":\"https:\\\/\\\/sereingeniera.ugr.es\\\/wp-content\\\/uploads\\\/2018\\\/01\\\/11febrero.jpg\",\"contentUrl\":\"https:\\\/\\\/sereingeniera.ugr.es\\\/wp-content\\\/uploads\\\/2018\\\/01\\\/11febrero.jpg\",\"width\":400,\"height\":400},{\"@type\":\"BreadcrumbList\",\"@id\":\"https:\\\/\\\/sereingeniera.ugr.es\\\/index.php\\\/2018\\\/02\\\/01\\\/celebremos-de-nuevo-el-11f\\\/#breadcrumb\",\"itemListElement\":[{\"@type\":\"ListItem\",\"position\":1,\"name\":\"Portada\",\"item\":\"https:\\\/\\\/sereingeniera.ugr.es\\\/\"},{\"@type\":\"ListItem\",\"position\":2,\"name\":\"Celebremos de nuevo el 11F\"}]},{\"@type\":\"WebSite\",\"@id\":\"https:\\\/\\\/sereingeniera.ugr.es\\\/#website\",\"url\":\"https:\\\/\\\/sereingeniera.ugr.es\\\/\",\"name\":\"Ser\u00e9 Ingeniera\",\"description\":\"\",\"potentialAction\":[{\"@type\":\"SearchAction\",\"target\":{\"@type\":\"EntryPoint\",\"urlTemplate\":\"https:\\\/\\\/sereingeniera.ugr.es\\\/?s={search_term_string}\"},\"query-input\":{\"@type\":\"PropertyValueSpecification\",\"valueRequired\":true,\"valueName\":\"search_term_string\"}}],\"inLanguage\":\"es\"},{\"@type\":\"Person\",\"@id\":\"https:\\\/\\\/sereingeniera.ugr.es\\\/#\\\/schema\\\/person\\\/6cd5d81d75894fd6ff14a649b664f4d8\",\"name\":\"SereIngeniera\",\"image\":{\"@type\":\"ImageObject\",\"inLanguage\":\"es\",\"@id\":\"https:\\\/\\\/secure.gravatar.com\\\/avatar\\\/a2b7dfeedf66a3ca6f38ba27d989c6ed3b6524b88e2e4f83e66fa08565b03658?s=96&d=monsterid&r=g\",\"url\":\"https:\\\/\\\/secure.gravatar.com\\\/avatar\\\/a2b7dfeedf66a3ca6f38ba27d989c6ed3b6524b88e2e4f83e66fa08565b03658?s=96&d=monsterid&r=g\",\"contentUrl\":\"https:\\\/\\\/secure.gravatar.com\\\/avatar\\\/a2b7dfeedf66a3ca6f38ba27d989c6ed3b6524b88e2e4f83e66fa08565b03658?s=96&d=monsterid&r=g\",\"caption\":\"SereIngeniera\"},\"sameAs\":[\"http:\\\/\\\/sereingeniera.ugr.es\"],\"url\":\"https:\\\/\\\/sereingeniera.ugr.es\\\/index.php\\\/author\\\/sereingeniera\\\/\"}]}<\/script>\n<!-- \/ Yoast SEO plugin. -->","yoast_head_json":{"title":"Celebremos de nuevo el 11F - Ser\u00e9 Ingeniera","robots":{"index":"index","follow":"follow","max-snippet":"max-snippet:-1","max-image-preview":"max-image-preview:large","max-video-preview":"max-video-preview:-1"},"canonical":"https:\/\/sereingeniera.ugr.es\/index.php\/2018\/02\/01\/celebremos-de-nuevo-el-11f\/","og_locale":"es_ES","og_type":"article","og_title":"Celebremos de nuevo el 11F - Ser\u00e9 Ingeniera","og_description":"Como ya hicimos el a\u00f1o pasado, volvemos este mes de febrero con diferentes iniciativas para celebrar el D\u00eda Internacional de la Mujer y la Ni\u00f1a en la Ciencia. El objetivo es visualizar el papel de las mujeres en la Ciencia y vamos de la mano de 11defebrero.org. Entre otras actividades que se celebran en centros &hellip; Seguir leyendo Celebremos de nuevo el 11F &rarr;","og_url":"https:\/\/sereingeniera.ugr.es\/index.php\/2018\/02\/01\/celebremos-de-nuevo-el-11f\/","og_site_name":"Ser\u00e9 Ingeniera","article_published_time":"2018-02-01T09:02:40+00:00","og_image":[{"url":"http:\/\/sereingeniera.ugr.es\/wp-content\/uploads\/2018\/01\/11febrero-300x300.jpg","type":"","width":"","height":""}],"author":"SereIngeniera","twitter_card":"summary_large_image","twitter_misc":{"Escrito por":"SereIngeniera","Tiempo de lectura":"5 minutos"},"schema":{"@context":"https:\/\/schema.org","@graph":[{"@type":"Article","@id":"https:\/\/sereingeniera.ugr.es\/index.php\/2018\/02\/01\/celebremos-de-nuevo-el-11f\/#article","isPartOf":{"@id":"https:\/\/sereingeniera.ugr.es\/index.php\/2018\/02\/01\/celebremos-de-nuevo-el-11f\/"},"author":{"name":"SereIngeniera","@id":"https:\/\/sereingeniera.ugr.es\/#\/schema\/person\/6cd5d81d75894fd6ff14a649b664f4d8"},"headline":"Celebremos de nuevo el 11F","datePublished":"2018-02-01T09:02:40+00:00","mainEntityOfPage":{"@id":"https:\/\/sereingeniera.ugr.es\/index.php\/2018\/02\/01\/celebremos-de-nuevo-el-11f\/"},"wordCount":979,"commentCount":0,"image":{"@id":"https:\/\/sereingeniera.ugr.es\/index.php\/2018\/02\/01\/celebremos-de-nuevo-el-11f\/#primaryimage"},"thumbnailUrl":"http:\/\/sereingeniera.ugr.es\/wp-content\/uploads\/2018\/01\/11febrero-300x300.jpg","keywords":["11defebrero","Actividades","Charlas","Cient\u00edficas","Conferencias","D\u00eda de la Mujer y la Ni\u00f1a en la Ciencia","Divulgaci\u00f3n","Mesa redonda","Mujeres en STEM","Paseo Matem\u00e1tico","sereingeniera","Talleres","UGR","UJA","Universidad","UPO","Visibilizaci\u00f3n"],"articleSection":["General"],"inLanguage":"es","potentialAction":[{"@type":"CommentAction","name":"Comment","target":["https:\/\/sereingeniera.ugr.es\/index.php\/2018\/02\/01\/celebremos-de-nuevo-el-11f\/#respond"]}]},{"@type":"WebPage","@id":"https:\/\/sereingeniera.ugr.es\/index.php\/2018\/02\/01\/celebremos-de-nuevo-el-11f\/","url":"https:\/\/sereingeniera.ugr.es\/index.php\/2018\/02\/01\/celebremos-de-nuevo-el-11f\/","name":"Celebremos de nuevo el 11F - Ser\u00e9 Ingeniera","isPartOf":{"@id":"https:\/\/sereingeniera.ugr.es\/#website"},"primaryImageOfPage":{"@id":"https:\/\/sereingeniera.ugr.es\/index.php\/2018\/02\/01\/celebremos-de-nuevo-el-11f\/#primaryimage"},"image":{"@id":"https:\/\/sereingeniera.ugr.es\/index.php\/2018\/02\/01\/celebremos-de-nuevo-el-11f\/#primaryimage"},"thumbnailUrl":"http:\/\/sereingeniera.ugr.es\/wp-content\/uploads\/2018\/01\/11febrero-300x300.jpg","datePublished":"2018-02-01T09:02:40+00:00","author":{"@id":"https:\/\/sereingeniera.ugr.es\/#\/schema\/person\/6cd5d81d75894fd6ff14a649b664f4d8"},"breadcrumb":{"@id":"https:\/\/sereingeniera.ugr.es\/index.php\/2018\/02\/01\/celebremos-de-nuevo-el-11f\/#breadcrumb"},"inLanguage":"es","potentialAction":[{"@type":"ReadAction","target":["https:\/\/sereingeniera.ugr.es\/index.php\/2018\/02\/01\/celebremos-de-nuevo-el-11f\/"]}]},{"@type":"ImageObject","inLanguage":"es","@id":"https:\/\/sereingeniera.ugr.es\/index.php\/2018\/02\/01\/celebremos-de-nuevo-el-11f\/#primaryimage","url":"https:\/\/sereingeniera.ugr.es\/wp-content\/uploads\/2018\/01\/11febrero.jpg","contentUrl":"https:\/\/sereingeniera.ugr.es\/wp-content\/uploads\/2018\/01\/11febrero.jpg","width":400,"height":400},{"@type":"BreadcrumbList","@id":"https:\/\/sereingeniera.ugr.es\/index.php\/2018\/02\/01\/celebremos-de-nuevo-el-11f\/#breadcrumb","itemListElement":[{"@type":"ListItem","position":1,"name":"Portada","item":"https:\/\/sereingeniera.ugr.es\/"},{"@type":"ListItem","position":2,"name":"Celebremos de nuevo el 11F"}]},{"@type":"WebSite","@id":"https:\/\/sereingeniera.ugr.es\/#website","url":"https:\/\/sereingeniera.ugr.es\/","name":"Ser\u00e9 Ingeniera","description":"","potentialAction":[{"@type":"SearchAction","target":{"@type":"EntryPoint","urlTemplate":"https:\/\/sereingeniera.ugr.es\/?s={search_term_string}"},"query-input":{"@type":"PropertyValueSpecification","valueRequired":true,"valueName":"search_term_string"}}],"inLanguage":"es"},{"@type":"Person","@id":"https:\/\/sereingeniera.ugr.es\/#\/schema\/person\/6cd5d81d75894fd6ff14a649b664f4d8","name":"SereIngeniera","image":{"@type":"ImageObject","inLanguage":"es","@id":"https:\/\/secure.gravatar.com\/avatar\/a2b7dfeedf66a3ca6f38ba27d989c6ed3b6524b88e2e4f83e66fa08565b03658?s=96&d=monsterid&r=g","url":"https:\/\/secure.gravatar.com\/avatar\/a2b7dfeedf66a3ca6f38ba27d989c6ed3b6524b88e2e4f83e66fa08565b03658?s=96&d=monsterid&r=g","contentUrl":"https:\/\/secure.gravatar.com\/avatar\/a2b7dfeedf66a3ca6f38ba27d989c6ed3b6524b88e2e4f83e66fa08565b03658?s=96&d=monsterid&r=g","caption":"SereIngeniera"},"sameAs":["http:\/\/sereingeniera.ugr.es"],"url":"https:\/\/sereingeniera.ugr.es\/index.php\/author\/sereingeniera\/"}]}},"_links":{"self":[{"href":"https:\/\/sereingeniera.ugr.es\/index.php\/wp-json\/wp\/v2\/posts\/912","targetHints":{"allow":["GET"]}}],"collection":[{"href":"https:\/\/sereingeniera.ugr.es\/index.php\/wp-json\/wp\/v2\/posts"}],"about":[{"href":"https:\/\/sereingeniera.ugr.es\/index.php\/wp-json\/wp\/v2\/types\/post"}],"author":[{"embeddable":true,"href":"https:\/\/sereingeniera.ugr.es\/index.php\/wp-json\/wp\/v2\/users\/2"}],"replies":[{"embeddable":true,"href":"https:\/\/sereingeniera.ugr.es\/index.php\/wp-json\/wp\/v2\/comments?post=912"}],"version-history":[{"count":7,"href":"https:\/\/sereingeniera.ugr.es\/index.php\/wp-json\/wp\/v2\/posts\/912\/revisions"}],"predecessor-version":[{"id":945,"href":"https:\/\/sereingeniera.ugr.es\/index.php\/wp-json\/wp\/v2\/posts\/912\/revisions\/945"}],"wp:attachment":[{"href":"https:\/\/sereingeniera.ugr.es\/index.php\/wp-json\/wp\/v2\/media?parent=912"}],"wp:term":[{"taxonomy":"category","embeddable":true,"href":"https:\/\/sereingeniera.ugr.es\/index.php\/wp-json\/wp\/v2\/categories?post=912"},{"taxonomy":"post_tag","embeddable":true,"href":"https:\/\/sereingeniera.ugr.es\/index.php\/wp-json\/wp\/v2\/tags?post=912"}],"curies":[{"name":"wp","href":"https:\/\/api.w.org\/{rel}","templated":true}]}}