{"id":633,"date":"2017-01-19T11:37:40","date_gmt":"2017-01-19T11:37:40","guid":{"rendered":"http:\/\/sereingeniera.ugr.es\/?p=633"},"modified":"2017-01-19T11:37:40","modified_gmt":"2017-01-19T11:37:40","slug":"celebremos-el-11-de-febrero","status":"publish","type":"post","link":"https:\/\/sereingeniera.ugr.es\/index.php\/2017\/01\/19\/celebremos-el-11-de-febrero\/","title":{"rendered":"Celebremos el 11 de febrero"},"content":{"rendered":"<p style=\"text-align: justify;\">La Asamblea General de la<a title=\"ONU\" href=\"http:\/\/www.un.org\/es\/index.html\" target=\"_blank\"> Organizaci\u00f3n de las Naciones Unidas <\/a>(ONU) <a title=\"Resoluci\u00f3n ONU\" href=\"http:\/\/www.un.org\/es\/comun\/docs\/?symbol=A\/70\/474\/Add.2\" target=\"_blank\">declara el 11 de febrero como el D\u00eda Internacional de la Mujer y la Ni\u00f1a en la Ciencia.<\/a> Seg\u00fan la ONU, <em><strong>la ciencia y la igualdad de g\u00e9nero son vitales<\/strong> para realizar los Objetivos de Desarrollo Sostenible, incluidos en la <a title=\"Agenda 2030 ONU\" href=\"http:\/\/www.un.org\/sustainabledevelopment\/es\/mdgs\/\" target=\"_blank\">Agenda 2030<\/a>.\u00a0En los \u00faltimos 15 a\u00f1os, la comunidad internacional ha hecho un gran esfuerzo inspirando y promoviendo la participaci\u00f3n de las mujeres y las ni\u00f1as en la ciencia. Desafortunadamente, <strong>ellas siguen enfrent\u00e1ndose a barreras<\/strong> que les impiden participar plenamente en esta disciplina. De acuerdo con un estudio realizado en 14 pa\u00edses, la probabilidad de que las estudiantes terminen una licenciatura, una maestr\u00eda y un doctorado en alguna materia relacionada con la ciencia es del 18%, 8% y 2%, respectivamente, mientras que la probabilidad para los estudiantes masculinos es del 37%, 18% y 6%.<\/em><\/p>\n<p><a href=\"http:\/\/sereingeniera.ugr.es\/wp-content\/uploads\/2017\/01\/cartel-11feb.jpg\"><img loading=\"lazy\" decoding=\"async\" class=\"size-medium wp-image-634 aligncenter\" alt=\"cartel-11feb\" src=\"http:\/\/sereingeniera.ugr.es\/wp-content\/uploads\/2017\/01\/cartel-11feb-300x212.jpg\" width=\"300\" height=\"212\" \/><\/a><\/p>\n<p style=\"text-align: justify;\">Con motivo del pr\u00f3ximo <b><a title=\"D\u00eda Internacional de la Mujer y la Ni\u00f1a en la Ciencia\" href=\"http:\/\/www.un.org\/es\/events\/women-and-girls-in-science-day\/\" target=\"_blank\">D\u00eda Internacional de la Mujer y la Ni\u00f1a en la Ciencia<\/a><\/b>, el grupo <a title=\"P\u00e1gina de facebook del grupo\" href=\"https:\/\/www.facebook.com\/geekandtechgirl\/\" target=\"_blank\">Geek &amp; Tech Girls<\/a>\u00a0(del que ya habl\u00e9 <a title=\"El grupo Geek and Tech Girls\" href=\"http:\/\/sereingeniera.ugr.es\/el-grupo-geek-and-tech-girls\/\" target=\"_blank\">anteriormente<\/a>) nos propone realizar una actividad en la <a title=\"Web de la ETSIIT\" href=\"http:\/\/etsiit.ugr.es\/\" target=\"_blank\">Escuela T\u00e9cnica Superior de Ingenier\u00edas Inform\u00e1tica y de Telecomunicaci\u00f3n<\/a>\u00a0(ETSIIT) de la <a title=\"Web de Universidad de Granada\" href=\"http:\/\/www.ugr.es\/\" target=\"_blank\">Universidad de Granada<\/a>, que consiste en la realizaci\u00f3n de una <a href=\"https:\/\/11defebrero.org\/11-de-febrero\/\" target=\"_blank\"><strong>foto de grupo<\/strong><\/a>\u00a0en el anfiteatro &#8211; patio de la Escuela &#8211; de todas las <strong>mujeres que tienen relaci\u00f3n con esta Escuela<\/strong>. Es decir, que nos reunamos <b>profesoras, investigadoras, alumnas, ex-alumnas y personal de administraci\u00f3n y servicios<\/b>\u00a0para celebrar el orgullo de estar o haber pasado por la ETSIIT y, sobre todo, inmortalizar que la Escuela est\u00e1 orgullosa de sus alumnas, ingenieras, cient\u00edficas y trabajadoras. Cuantas m\u00e1s seamos, mejor.<\/p>\n<p>Os esperamos a todas en el<b> anfiteatro el d\u00eda 9 de febrero a las 13:00 horas<\/b> para inmortalizarnos en una foto.<\/p>\n<p>\u00a1All\u00ed nos vemos!<\/p>\n","protected":false},"excerpt":{"rendered":"<p>La Asamblea General de la Organizaci\u00f3n de las Naciones Unidas (ONU) declara el 11 de febrero como el D\u00eda Internacional de la Mujer y la Ni\u00f1a en la Ciencia. Seg\u00fan la ONU, la ciencia y la igualdad de g\u00e9nero son vitales para realizar los Objetivos de Desarrollo Sostenible, incluidos en la Agenda 2030.\u00a0En los \u00faltimos &hellip; <a href=\"https:\/\/sereingeniera.ugr.es\/index.php\/2017\/01\/19\/celebremos-el-11-de-febrero\/\" class=\"more-link\">Seguir leyendo <span class=\"screen-reader-text\">Celebremos el 11 de febrero<\/span> <span class=\"meta-nav\">&rarr;<\/span><\/a><\/p>\n","protected":false},"author":1,"featured_media":0,"comment_status":"open","ping_status":"open","sticky":false,"template":"","format":"standard","meta":{"footnotes":"","_links_to":"","_links_to_target":""},"categories":[],"tags":[],"class_list":["post-633","post","type-post","status-publish","format-standard","hentry"],"yoast_head":"<!-- This site is optimized with the Yoast SEO plugin v27.5 - https:\/\/yoast.com\/product\/yoast-seo-wordpress\/ -->\n<title>Celebremos el 11 de febrero - Ser\u00e9 Ingeniera<\/title>\n<meta name=\"robots\" content=\"index, follow, max-snippet:-1, max-image-preview:large, max-video-preview:-1\" \/>\n<link rel=\"canonical\" href=\"https:\/\/sereingeniera.ugr.es\/index.php\/2017\/01\/19\/celebremos-el-11-de-febrero\/\" \/>\n<meta property=\"og:locale\" content=\"es_ES\" \/>\n<meta property=\"og:type\" content=\"article\" \/>\n<meta property=\"og:title\" content=\"Celebremos el 11 de febrero - Ser\u00e9 Ingeniera\" \/>\n<meta property=\"og:description\" content=\"La Asamblea General de la Organizaci\u00f3n de las Naciones Unidas (ONU) declara el 11 de febrero como el D\u00eda Internacional de la Mujer y la Ni\u00f1a en la Ciencia. Seg\u00fan la ONU, la ciencia y la igualdad de g\u00e9nero son vitales para realizar los Objetivos de Desarrollo Sostenible, incluidos en la Agenda 2030.\u00a0En los \u00faltimos &hellip; Seguir leyendo Celebremos el 11 de febrero &rarr;\" \/>\n<meta property=\"og:url\" content=\"https:\/\/sereingeniera.ugr.es\/index.php\/2017\/01\/19\/celebremos-el-11-de-febrero\/\" \/>\n<meta property=\"og:site_name\" content=\"Ser\u00e9 Ingeniera\" \/>\n<meta property=\"article:published_time\" content=\"2017-01-19T11:37:40+00:00\" \/>\n<meta property=\"og:image\" content=\"http:\/\/sereingeniera.ugr.es\/wp-content\/uploads\/2017\/01\/cartel-11feb-300x212.jpg\" \/>\n<meta name=\"author\" content=\"administrador\" \/>\n<meta name=\"twitter:card\" content=\"summary_large_image\" \/>\n<meta name=\"twitter:label1\" content=\"Escrito por\" \/>\n\t<meta name=\"twitter:data1\" content=\"administrador\" \/>\n\t<meta name=\"twitter:label2\" content=\"Tiempo de lectura\" \/>\n\t<meta name=\"twitter:data2\" content=\"2 minutos\" \/>\n<script type=\"application\/ld+json\" class=\"yoast-schema-graph\">{\"@context\":\"https:\\\/\\\/schema.org\",\"@graph\":[{\"@type\":\"Article\",\"@id\":\"https:\\\/\\\/sereingeniera.ugr.es\\\/index.php\\\/2017\\\/01\\\/19\\\/celebremos-el-11-de-febrero\\\/#article\",\"isPartOf\":{\"@id\":\"https:\\\/\\\/sereingeniera.ugr.es\\\/index.php\\\/2017\\\/01\\\/19\\\/celebremos-el-11-de-febrero\\\/\"},\"author\":{\"name\":\"administrador\",\"@id\":\"https:\\\/\\\/sereingeniera.ugr.es\\\/#\\\/schema\\\/person\\\/f246eee15182460bff4e9c0b7904056e\"},\"headline\":\"Celebremos el 11 de febrero\",\"datePublished\":\"2017-01-19T11:37:40+00:00\",\"mainEntityOfPage\":{\"@id\":\"https:\\\/\\\/sereingeniera.ugr.es\\\/index.php\\\/2017\\\/01\\\/19\\\/celebremos-el-11-de-febrero\\\/\"},\"wordCount\":309,\"commentCount\":1,\"image\":{\"@id\":\"https:\\\/\\\/sereingeniera.ugr.es\\\/index.php\\\/2017\\\/01\\\/19\\\/celebremos-el-11-de-febrero\\\/#primaryimage\"},\"thumbnailUrl\":\"http:\\\/\\\/sereingeniera.ugr.es\\\/wp-content\\\/uploads\\\/2017\\\/01\\\/cartel-11feb-300x212.jpg\",\"inLanguage\":\"es\",\"potentialAction\":[{\"@type\":\"CommentAction\",\"name\":\"Comment\",\"target\":[\"https:\\\/\\\/sereingeniera.ugr.es\\\/index.php\\\/2017\\\/01\\\/19\\\/celebremos-el-11-de-febrero\\\/#respond\"]}]},{\"@type\":\"WebPage\",\"@id\":\"https:\\\/\\\/sereingeniera.ugr.es\\\/index.php\\\/2017\\\/01\\\/19\\\/celebremos-el-11-de-febrero\\\/\",\"url\":\"https:\\\/\\\/sereingeniera.ugr.es\\\/index.php\\\/2017\\\/01\\\/19\\\/celebremos-el-11-de-febrero\\\/\",\"name\":\"Celebremos el 11 de febrero - Ser\u00e9 Ingeniera\",\"isPartOf\":{\"@id\":\"https:\\\/\\\/sereingeniera.ugr.es\\\/#website\"},\"primaryImageOfPage\":{\"@id\":\"https:\\\/\\\/sereingeniera.ugr.es\\\/index.php\\\/2017\\\/01\\\/19\\\/celebremos-el-11-de-febrero\\\/#primaryimage\"},\"image\":{\"@id\":\"https:\\\/\\\/sereingeniera.ugr.es\\\/index.php\\\/2017\\\/01\\\/19\\\/celebremos-el-11-de-febrero\\\/#primaryimage\"},\"thumbnailUrl\":\"http:\\\/\\\/sereingeniera.ugr.es\\\/wp-content\\\/uploads\\\/2017\\\/01\\\/cartel-11feb-300x212.jpg\",\"datePublished\":\"2017-01-19T11:37:40+00:00\",\"author\":{\"@id\":\"https:\\\/\\\/sereingeniera.ugr.es\\\/#\\\/schema\\\/person\\\/f246eee15182460bff4e9c0b7904056e\"},\"breadcrumb\":{\"@id\":\"https:\\\/\\\/sereingeniera.ugr.es\\\/index.php\\\/2017\\\/01\\\/19\\\/celebremos-el-11-de-febrero\\\/#breadcrumb\"},\"inLanguage\":\"es\",\"potentialAction\":[{\"@type\":\"ReadAction\",\"target\":[\"https:\\\/\\\/sereingeniera.ugr.es\\\/index.php\\\/2017\\\/01\\\/19\\\/celebremos-el-11-de-febrero\\\/\"]}]},{\"@type\":\"ImageObject\",\"inLanguage\":\"es\",\"@id\":\"https:\\\/\\\/sereingeniera.ugr.es\\\/index.php\\\/2017\\\/01\\\/19\\\/celebremos-el-11-de-febrero\\\/#primaryimage\",\"url\":\"\",\"contentUrl\":\"\"},{\"@type\":\"BreadcrumbList\",\"@id\":\"https:\\\/\\\/sereingeniera.ugr.es\\\/index.php\\\/2017\\\/01\\\/19\\\/celebremos-el-11-de-febrero\\\/#breadcrumb\",\"itemListElement\":[{\"@type\":\"ListItem\",\"position\":1,\"name\":\"Portada\",\"item\":\"https:\\\/\\\/sereingeniera.ugr.es\\\/\"},{\"@type\":\"ListItem\",\"position\":2,\"name\":\"Celebremos el 11 de febrero\"}]},{\"@type\":\"WebSite\",\"@id\":\"https:\\\/\\\/sereingeniera.ugr.es\\\/#website\",\"url\":\"https:\\\/\\\/sereingeniera.ugr.es\\\/\",\"name\":\"Ser\u00e9 Ingeniera\",\"description\":\"\",\"potentialAction\":[{\"@type\":\"SearchAction\",\"target\":{\"@type\":\"EntryPoint\",\"urlTemplate\":\"https:\\\/\\\/sereingeniera.ugr.es\\\/?s={search_term_string}\"},\"query-input\":{\"@type\":\"PropertyValueSpecification\",\"valueRequired\":true,\"valueName\":\"search_term_string\"}}],\"inLanguage\":\"es\"},{\"@type\":\"Person\",\"@id\":\"https:\\\/\\\/sereingeniera.ugr.es\\\/#\\\/schema\\\/person\\\/f246eee15182460bff4e9c0b7904056e\",\"name\":\"administrador\",\"image\":{\"@type\":\"ImageObject\",\"inLanguage\":\"es\",\"@id\":\"https:\\\/\\\/secure.gravatar.com\\\/avatar\\\/e58fd5b46aa18820d3a032157d6346599f21e4be3404b00a1a075838b8e00d27?s=96&d=monsterid&r=g\",\"url\":\"https:\\\/\\\/secure.gravatar.com\\\/avatar\\\/e58fd5b46aa18820d3a032157d6346599f21e4be3404b00a1a075838b8e00d27?s=96&d=monsterid&r=g\",\"contentUrl\":\"https:\\\/\\\/secure.gravatar.com\\\/avatar\\\/e58fd5b46aa18820d3a032157d6346599f21e4be3404b00a1a075838b8e00d27?s=96&d=monsterid&r=g\",\"caption\":\"administrador\"},\"url\":\"https:\\\/\\\/sereingeniera.ugr.es\\\/index.php\\\/author\\\/administrador\\\/\"}]}<\/script>\n<!-- \/ Yoast SEO plugin. -->","yoast_head_json":{"title":"Celebremos el 11 de febrero - Ser\u00e9 Ingeniera","robots":{"index":"index","follow":"follow","max-snippet":"max-snippet:-1","max-image-preview":"max-image-preview:large","max-video-preview":"max-video-preview:-1"},"canonical":"https:\/\/sereingeniera.ugr.es\/index.php\/2017\/01\/19\/celebremos-el-11-de-febrero\/","og_locale":"es_ES","og_type":"article","og_title":"Celebremos el 11 de febrero - Ser\u00e9 Ingeniera","og_description":"La Asamblea General de la Organizaci\u00f3n de las Naciones Unidas (ONU) declara el 11 de febrero como el D\u00eda Internacional de la Mujer y la Ni\u00f1a en la Ciencia. Seg\u00fan la ONU, la ciencia y la igualdad de g\u00e9nero son vitales para realizar los Objetivos de Desarrollo Sostenible, incluidos en la Agenda 2030.\u00a0En los \u00faltimos &hellip; Seguir leyendo Celebremos el 11 de febrero &rarr;","og_url":"https:\/\/sereingeniera.ugr.es\/index.php\/2017\/01\/19\/celebremos-el-11-de-febrero\/","og_site_name":"Ser\u00e9 Ingeniera","article_published_time":"2017-01-19T11:37:40+00:00","og_image":[{"url":"http:\/\/sereingeniera.ugr.es\/wp-content\/uploads\/2017\/01\/cartel-11feb-300x212.jpg","type":"","width":"","height":""}],"author":"administrador","twitter_card":"summary_large_image","twitter_misc":{"Escrito por":"administrador","Tiempo de lectura":"2 minutos"},"schema":{"@context":"https:\/\/schema.org","@graph":[{"@type":"Article","@id":"https:\/\/sereingeniera.ugr.es\/index.php\/2017\/01\/19\/celebremos-el-11-de-febrero\/#article","isPartOf":{"@id":"https:\/\/sereingeniera.ugr.es\/index.php\/2017\/01\/19\/celebremos-el-11-de-febrero\/"},"author":{"name":"administrador","@id":"https:\/\/sereingeniera.ugr.es\/#\/schema\/person\/f246eee15182460bff4e9c0b7904056e"},"headline":"Celebremos el 11 de febrero","datePublished":"2017-01-19T11:37:40+00:00","mainEntityOfPage":{"@id":"https:\/\/sereingeniera.ugr.es\/index.php\/2017\/01\/19\/celebremos-el-11-de-febrero\/"},"wordCount":309,"commentCount":1,"image":{"@id":"https:\/\/sereingeniera.ugr.es\/index.php\/2017\/01\/19\/celebremos-el-11-de-febrero\/#primaryimage"},"thumbnailUrl":"http:\/\/sereingeniera.ugr.es\/wp-content\/uploads\/2017\/01\/cartel-11feb-300x212.jpg","inLanguage":"es","potentialAction":[{"@type":"CommentAction","name":"Comment","target":["https:\/\/sereingeniera.ugr.es\/index.php\/2017\/01\/19\/celebremos-el-11-de-febrero\/#respond"]}]},{"@type":"WebPage","@id":"https:\/\/sereingeniera.ugr.es\/index.php\/2017\/01\/19\/celebremos-el-11-de-febrero\/","url":"https:\/\/sereingeniera.ugr.es\/index.php\/2017\/01\/19\/celebremos-el-11-de-febrero\/","name":"Celebremos el 11 de febrero - Ser\u00e9 Ingeniera","isPartOf":{"@id":"https:\/\/sereingeniera.ugr.es\/#website"},"primaryImageOfPage":{"@id":"https:\/\/sereingeniera.ugr.es\/index.php\/2017\/01\/19\/celebremos-el-11-de-febrero\/#primaryimage"},"image":{"@id":"https:\/\/sereingeniera.ugr.es\/index.php\/2017\/01\/19\/celebremos-el-11-de-febrero\/#primaryimage"},"thumbnailUrl":"http:\/\/sereingeniera.ugr.es\/wp-content\/uploads\/2017\/01\/cartel-11feb-300x212.jpg","datePublished":"2017-01-19T11:37:40+00:00","author":{"@id":"https:\/\/sereingeniera.ugr.es\/#\/schema\/person\/f246eee15182460bff4e9c0b7904056e"},"breadcrumb":{"@id":"https:\/\/sereingeniera.ugr.es\/index.php\/2017\/01\/19\/celebremos-el-11-de-febrero\/#breadcrumb"},"inLanguage":"es","potentialAction":[{"@type":"ReadAction","target":["https:\/\/sereingeniera.ugr.es\/index.php\/2017\/01\/19\/celebremos-el-11-de-febrero\/"]}]},{"@type":"ImageObject","inLanguage":"es","@id":"https:\/\/sereingeniera.ugr.es\/index.php\/2017\/01\/19\/celebremos-el-11-de-febrero\/#primaryimage","url":"","contentUrl":""},{"@type":"BreadcrumbList","@id":"https:\/\/sereingeniera.ugr.es\/index.php\/2017\/01\/19\/celebremos-el-11-de-febrero\/#breadcrumb","itemListElement":[{"@type":"ListItem","position":1,"name":"Portada","item":"https:\/\/sereingeniera.ugr.es\/"},{"@type":"ListItem","position":2,"name":"Celebremos el 11 de febrero"}]},{"@type":"WebSite","@id":"https:\/\/sereingeniera.ugr.es\/#website","url":"https:\/\/sereingeniera.ugr.es\/","name":"Ser\u00e9 Ingeniera","description":"","potentialAction":[{"@type":"SearchAction","target":{"@type":"EntryPoint","urlTemplate":"https:\/\/sereingeniera.ugr.es\/?s={search_term_string}"},"query-input":{"@type":"PropertyValueSpecification","valueRequired":true,"valueName":"search_term_string"}}],"inLanguage":"es"},{"@type":"Person","@id":"https:\/\/sereingeniera.ugr.es\/#\/schema\/person\/f246eee15182460bff4e9c0b7904056e","name":"administrador","image":{"@type":"ImageObject","inLanguage":"es","@id":"https:\/\/secure.gravatar.com\/avatar\/e58fd5b46aa18820d3a032157d6346599f21e4be3404b00a1a075838b8e00d27?s=96&d=monsterid&r=g","url":"https:\/\/secure.gravatar.com\/avatar\/e58fd5b46aa18820d3a032157d6346599f21e4be3404b00a1a075838b8e00d27?s=96&d=monsterid&r=g","contentUrl":"https:\/\/secure.gravatar.com\/avatar\/e58fd5b46aa18820d3a032157d6346599f21e4be3404b00a1a075838b8e00d27?s=96&d=monsterid&r=g","caption":"administrador"},"url":"https:\/\/sereingeniera.ugr.es\/index.php\/author\/administrador\/"}]}},"_links":{"self":[{"href":"https:\/\/sereingeniera.ugr.es\/index.php\/wp-json\/wp\/v2\/posts\/633","targetHints":{"allow":["GET"]}}],"collection":[{"href":"https:\/\/sereingeniera.ugr.es\/index.php\/wp-json\/wp\/v2\/posts"}],"about":[{"href":"https:\/\/sereingeniera.ugr.es\/index.php\/wp-json\/wp\/v2\/types\/post"}],"author":[{"embeddable":true,"href":"https:\/\/sereingeniera.ugr.es\/index.php\/wp-json\/wp\/v2\/users\/1"}],"replies":[{"embeddable":true,"href":"https:\/\/sereingeniera.ugr.es\/index.php\/wp-json\/wp\/v2\/comments?post=633"}],"version-history":[{"count":2,"href":"https:\/\/sereingeniera.ugr.es\/index.php\/wp-json\/wp\/v2\/posts\/633\/revisions"}],"predecessor-version":[{"id":636,"href":"https:\/\/sereingeniera.ugr.es\/index.php\/wp-json\/wp\/v2\/posts\/633\/revisions\/636"}],"wp:attachment":[{"href":"https:\/\/sereingeniera.ugr.es\/index.php\/wp-json\/wp\/v2\/media?parent=633"}],"wp:term":[{"taxonomy":"category","embeddable":true,"href":"https:\/\/sereingeniera.ugr.es\/index.php\/wp-json\/wp\/v2\/categories?post=633"},{"taxonomy":"post_tag","embeddable":true,"href":"https:\/\/sereingeniera.ugr.es\/index.php\/wp-json\/wp\/v2\/tags?post=633"}],"curies":[{"name":"wp","href":"https:\/\/api.w.org\/{rel}","templated":true}]}}