{"id":369,"date":"2016-04-12T07:55:50","date_gmt":"2016-04-12T07:55:50","guid":{"rendered":"http:\/\/sereingeniera.ugr.es\/?p=369"},"modified":"2016-04-12T07:55:50","modified_gmt":"2016-04-12T07:55:50","slug":"abierta-la-preinscripcion-del-campus-tecnologico-para-chicas-ugr-2016","status":"publish","type":"post","link":"https:\/\/sereingeniera.ugr.es\/index.php\/2016\/04\/12\/abierta-la-preinscripcion-del-campus-tecnologico-para-chicas-ugr-2016\/","title":{"rendered":"Abierta la preinscripci\u00f3n del Campus Tecnol\u00f3gico para Chicas UGR 2016"},"content":{"rendered":"<p>Ya est\u00e1 <a href='https:\/\/docs.google.com\/forms\/d\/1o5Sfnm7A3eFdVZ-Uf9_-u9urheQtoSxTDEJEFg3776E\/viewform'>abierta la preinscripci\u00f3n para el campus tecnol\u00f3gico de este a\u00f1o<\/a>, que <a href='http:\/\/sereingeniera.ugr.es\/este-ano-tercer-campus-2\/'>tendr\u00e1 lugar desde el 4 al 15 de julio de 2016<\/a>.<br \/>\nEste a\u00f1o hay dos modalidades de preinscripci\u00f3n: individual y por centro; un centro de ense\u00f1anza puede preseleccionar a una serie de chicas y hacerlo constar en el formulario para que lo tengamos en cuenta a la hora de la selecci\u00f3n.<br \/>\nLa selecci\u00f3n se har\u00e1 teniendo en cuenta una serie de criterios, como la preferencia de ciertos cursos, las notas que se hagan constar y por supuesto el hecho de que est\u00e9 preseleccionada por su centro de estudios. Admitiremos un m\u00e1ximo de 35 plazas.<br \/>\nLa preinscripci\u00f3n estar\u00e1 abierta hasta principios de junio de 2016.<\/p>\n","protected":false},"excerpt":{"rendered":"<p>Ya est\u00e1 abierta la preinscripci\u00f3n para el campus tecnol\u00f3gico de este a\u00f1o, que tendr\u00e1 lugar desde el 4 al 15 de julio de 2016. Este a\u00f1o hay dos modalidades de preinscripci\u00f3n: individual y por centro; un centro de ense\u00f1anza puede preseleccionar a una serie de chicas y hacerlo constar en el formulario para que lo &hellip; <a href=\"https:\/\/sereingeniera.ugr.es\/index.php\/2016\/04\/12\/abierta-la-preinscripcion-del-campus-tecnologico-para-chicas-ugr-2016\/\" class=\"more-link\">Seguir leyendo <span class=\"screen-reader-text\">Abierta la preinscripci\u00f3n del Campus Tecnol\u00f3gico para Chicas UGR 2016<\/span> <span class=\"meta-nav\">&rarr;<\/span><\/a><\/p>\n","protected":false},"author":1,"featured_media":0,"comment_status":"open","ping_status":"open","sticky":false,"template":"","format":"standard","meta":{"footnotes":"","_links_to":"","_links_to_target":""},"categories":[],"tags":[],"class_list":["post-369","post","type-post","status-publish","format-standard","hentry"],"yoast_head":"<!-- This site is optimized with the Yoast SEO plugin v27.5 - https:\/\/yoast.com\/product\/yoast-seo-wordpress\/ -->\n<title>Abierta la preinscripci\u00f3n del Campus Tecnol\u00f3gico para Chicas UGR 2016 - Ser\u00e9 Ingeniera<\/title>\n<meta name=\"robots\" content=\"index, follow, max-snippet:-1, max-image-preview:large, max-video-preview:-1\" \/>\n<link rel=\"canonical\" href=\"https:\/\/sereingeniera.ugr.es\/index.php\/2016\/04\/12\/abierta-la-preinscripcion-del-campus-tecnologico-para-chicas-ugr-2016\/\" \/>\n<meta property=\"og:locale\" content=\"es_ES\" \/>\n<meta property=\"og:type\" content=\"article\" \/>\n<meta property=\"og:title\" content=\"Abierta la preinscripci\u00f3n del Campus Tecnol\u00f3gico para Chicas UGR 2016 - Ser\u00e9 Ingeniera\" \/>\n<meta property=\"og:description\" content=\"Ya est\u00e1 abierta la preinscripci\u00f3n para el campus tecnol\u00f3gico de este a\u00f1o, que tendr\u00e1 lugar desde el 4 al 15 de julio de 2016. Este a\u00f1o hay dos modalidades de preinscripci\u00f3n: individual y por centro; un centro de ense\u00f1anza puede preseleccionar a una serie de chicas y hacerlo constar en el formulario para que lo &hellip; Seguir leyendo Abierta la preinscripci\u00f3n del Campus Tecnol\u00f3gico para Chicas UGR 2016 &rarr;\" \/>\n<meta property=\"og:url\" content=\"https:\/\/sereingeniera.ugr.es\/index.php\/2016\/04\/12\/abierta-la-preinscripcion-del-campus-tecnologico-para-chicas-ugr-2016\/\" \/>\n<meta property=\"og:site_name\" content=\"Ser\u00e9 Ingeniera\" \/>\n<meta property=\"article:published_time\" content=\"2016-04-12T07:55:50+00:00\" \/>\n<meta name=\"author\" content=\"administrador\" \/>\n<meta name=\"twitter:card\" content=\"summary_large_image\" \/>\n<meta name=\"twitter:label1\" content=\"Escrito por\" \/>\n\t<meta name=\"twitter:data1\" content=\"administrador\" \/>\n\t<meta name=\"twitter:label2\" content=\"Tiempo de lectura\" \/>\n\t<meta name=\"twitter:data2\" content=\"1 minuto\" \/>\n<script type=\"application\/ld+json\" class=\"yoast-schema-graph\">{\"@context\":\"https:\\\/\\\/schema.org\",\"@graph\":[{\"@type\":\"Article\",\"@id\":\"https:\\\/\\\/sereingeniera.ugr.es\\\/index.php\\\/2016\\\/04\\\/12\\\/abierta-la-preinscripcion-del-campus-tecnologico-para-chicas-ugr-2016\\\/#article\",\"isPartOf\":{\"@id\":\"https:\\\/\\\/sereingeniera.ugr.es\\\/index.php\\\/2016\\\/04\\\/12\\\/abierta-la-preinscripcion-del-campus-tecnologico-para-chicas-ugr-2016\\\/\"},\"author\":{\"name\":\"administrador\",\"@id\":\"https:\\\/\\\/sereingeniera.ugr.es\\\/#\\\/schema\\\/person\\\/f246eee15182460bff4e9c0b7904056e\"},\"headline\":\"Abierta la preinscripci\u00f3n del Campus Tecnol\u00f3gico para Chicas UGR 2016\",\"datePublished\":\"2016-04-12T07:55:50+00:00\",\"mainEntityOfPage\":{\"@id\":\"https:\\\/\\\/sereingeniera.ugr.es\\\/index.php\\\/2016\\\/04\\\/12\\\/abierta-la-preinscripcion-del-campus-tecnologico-para-chicas-ugr-2016\\\/\"},\"wordCount\":133,\"commentCount\":6,\"inLanguage\":\"es\",\"potentialAction\":[{\"@type\":\"CommentAction\",\"name\":\"Comment\",\"target\":[\"https:\\\/\\\/sereingeniera.ugr.es\\\/index.php\\\/2016\\\/04\\\/12\\\/abierta-la-preinscripcion-del-campus-tecnologico-para-chicas-ugr-2016\\\/#respond\"]}]},{\"@type\":\"WebPage\",\"@id\":\"https:\\\/\\\/sereingeniera.ugr.es\\\/index.php\\\/2016\\\/04\\\/12\\\/abierta-la-preinscripcion-del-campus-tecnologico-para-chicas-ugr-2016\\\/\",\"url\":\"https:\\\/\\\/sereingeniera.ugr.es\\\/index.php\\\/2016\\\/04\\\/12\\\/abierta-la-preinscripcion-del-campus-tecnologico-para-chicas-ugr-2016\\\/\",\"name\":\"Abierta la preinscripci\u00f3n del Campus Tecnol\u00f3gico para Chicas UGR 2016 - Ser\u00e9 Ingeniera\",\"isPartOf\":{\"@id\":\"https:\\\/\\\/sereingeniera.ugr.es\\\/#website\"},\"datePublished\":\"2016-04-12T07:55:50+00:00\",\"author\":{\"@id\":\"https:\\\/\\\/sereingeniera.ugr.es\\\/#\\\/schema\\\/person\\\/f246eee15182460bff4e9c0b7904056e\"},\"breadcrumb\":{\"@id\":\"https:\\\/\\\/sereingeniera.ugr.es\\\/index.php\\\/2016\\\/04\\\/12\\\/abierta-la-preinscripcion-del-campus-tecnologico-para-chicas-ugr-2016\\\/#breadcrumb\"},\"inLanguage\":\"es\",\"potentialAction\":[{\"@type\":\"ReadAction\",\"target\":[\"https:\\\/\\\/sereingeniera.ugr.es\\\/index.php\\\/2016\\\/04\\\/12\\\/abierta-la-preinscripcion-del-campus-tecnologico-para-chicas-ugr-2016\\\/\"]}]},{\"@type\":\"BreadcrumbList\",\"@id\":\"https:\\\/\\\/sereingeniera.ugr.es\\\/index.php\\\/2016\\\/04\\\/12\\\/abierta-la-preinscripcion-del-campus-tecnologico-para-chicas-ugr-2016\\\/#breadcrumb\",\"itemListElement\":[{\"@type\":\"ListItem\",\"position\":1,\"name\":\"Portada\",\"item\":\"https:\\\/\\\/sereingeniera.ugr.es\\\/\"},{\"@type\":\"ListItem\",\"position\":2,\"name\":\"Abierta la preinscripci\u00f3n del Campus Tecnol\u00f3gico para Chicas UGR 2016\"}]},{\"@type\":\"WebSite\",\"@id\":\"https:\\\/\\\/sereingeniera.ugr.es\\\/#website\",\"url\":\"https:\\\/\\\/sereingeniera.ugr.es\\\/\",\"name\":\"Ser\u00e9 Ingeniera\",\"description\":\"\",\"potentialAction\":[{\"@type\":\"SearchAction\",\"target\":{\"@type\":\"EntryPoint\",\"urlTemplate\":\"https:\\\/\\\/sereingeniera.ugr.es\\\/?s={search_term_string}\"},\"query-input\":{\"@type\":\"PropertyValueSpecification\",\"valueRequired\":true,\"valueName\":\"search_term_string\"}}],\"inLanguage\":\"es\"},{\"@type\":\"Person\",\"@id\":\"https:\\\/\\\/sereingeniera.ugr.es\\\/#\\\/schema\\\/person\\\/f246eee15182460bff4e9c0b7904056e\",\"name\":\"administrador\",\"image\":{\"@type\":\"ImageObject\",\"inLanguage\":\"es\",\"@id\":\"https:\\\/\\\/secure.gravatar.com\\\/avatar\\\/e58fd5b46aa18820d3a032157d6346599f21e4be3404b00a1a075838b8e00d27?s=96&d=monsterid&r=g\",\"url\":\"https:\\\/\\\/secure.gravatar.com\\\/avatar\\\/e58fd5b46aa18820d3a032157d6346599f21e4be3404b00a1a075838b8e00d27?s=96&d=monsterid&r=g\",\"contentUrl\":\"https:\\\/\\\/secure.gravatar.com\\\/avatar\\\/e58fd5b46aa18820d3a032157d6346599f21e4be3404b00a1a075838b8e00d27?s=96&d=monsterid&r=g\",\"caption\":\"administrador\"},\"url\":\"https:\\\/\\\/sereingeniera.ugr.es\\\/index.php\\\/author\\\/administrador\\\/\"}]}<\/script>\n<!-- \/ Yoast SEO plugin. -->","yoast_head_json":{"title":"Abierta la preinscripci\u00f3n del Campus Tecnol\u00f3gico para Chicas UGR 2016 - Ser\u00e9 Ingeniera","robots":{"index":"index","follow":"follow","max-snippet":"max-snippet:-1","max-image-preview":"max-image-preview:large","max-video-preview":"max-video-preview:-1"},"canonical":"https:\/\/sereingeniera.ugr.es\/index.php\/2016\/04\/12\/abierta-la-preinscripcion-del-campus-tecnologico-para-chicas-ugr-2016\/","og_locale":"es_ES","og_type":"article","og_title":"Abierta la preinscripci\u00f3n del Campus Tecnol\u00f3gico para Chicas UGR 2016 - Ser\u00e9 Ingeniera","og_description":"Ya est\u00e1 abierta la preinscripci\u00f3n para el campus tecnol\u00f3gico de este a\u00f1o, que tendr\u00e1 lugar desde el 4 al 15 de julio de 2016. Este a\u00f1o hay dos modalidades de preinscripci\u00f3n: individual y por centro; un centro de ense\u00f1anza puede preseleccionar a una serie de chicas y hacerlo constar en el formulario para que lo &hellip; Seguir leyendo Abierta la preinscripci\u00f3n del Campus Tecnol\u00f3gico para Chicas UGR 2016 &rarr;","og_url":"https:\/\/sereingeniera.ugr.es\/index.php\/2016\/04\/12\/abierta-la-preinscripcion-del-campus-tecnologico-para-chicas-ugr-2016\/","og_site_name":"Ser\u00e9 Ingeniera","article_published_time":"2016-04-12T07:55:50+00:00","author":"administrador","twitter_card":"summary_large_image","twitter_misc":{"Escrito por":"administrador","Tiempo de lectura":"1 minuto"},"schema":{"@context":"https:\/\/schema.org","@graph":[{"@type":"Article","@id":"https:\/\/sereingeniera.ugr.es\/index.php\/2016\/04\/12\/abierta-la-preinscripcion-del-campus-tecnologico-para-chicas-ugr-2016\/#article","isPartOf":{"@id":"https:\/\/sereingeniera.ugr.es\/index.php\/2016\/04\/12\/abierta-la-preinscripcion-del-campus-tecnologico-para-chicas-ugr-2016\/"},"author":{"name":"administrador","@id":"https:\/\/sereingeniera.ugr.es\/#\/schema\/person\/f246eee15182460bff4e9c0b7904056e"},"headline":"Abierta la preinscripci\u00f3n del Campus Tecnol\u00f3gico para Chicas UGR 2016","datePublished":"2016-04-12T07:55:50+00:00","mainEntityOfPage":{"@id":"https:\/\/sereingeniera.ugr.es\/index.php\/2016\/04\/12\/abierta-la-preinscripcion-del-campus-tecnologico-para-chicas-ugr-2016\/"},"wordCount":133,"commentCount":6,"inLanguage":"es","potentialAction":[{"@type":"CommentAction","name":"Comment","target":["https:\/\/sereingeniera.ugr.es\/index.php\/2016\/04\/12\/abierta-la-preinscripcion-del-campus-tecnologico-para-chicas-ugr-2016\/#respond"]}]},{"@type":"WebPage","@id":"https:\/\/sereingeniera.ugr.es\/index.php\/2016\/04\/12\/abierta-la-preinscripcion-del-campus-tecnologico-para-chicas-ugr-2016\/","url":"https:\/\/sereingeniera.ugr.es\/index.php\/2016\/04\/12\/abierta-la-preinscripcion-del-campus-tecnologico-para-chicas-ugr-2016\/","name":"Abierta la preinscripci\u00f3n del Campus Tecnol\u00f3gico para Chicas UGR 2016 - Ser\u00e9 Ingeniera","isPartOf":{"@id":"https:\/\/sereingeniera.ugr.es\/#website"},"datePublished":"2016-04-12T07:55:50+00:00","author":{"@id":"https:\/\/sereingeniera.ugr.es\/#\/schema\/person\/f246eee15182460bff4e9c0b7904056e"},"breadcrumb":{"@id":"https:\/\/sereingeniera.ugr.es\/index.php\/2016\/04\/12\/abierta-la-preinscripcion-del-campus-tecnologico-para-chicas-ugr-2016\/#breadcrumb"},"inLanguage":"es","potentialAction":[{"@type":"ReadAction","target":["https:\/\/sereingeniera.ugr.es\/index.php\/2016\/04\/12\/abierta-la-preinscripcion-del-campus-tecnologico-para-chicas-ugr-2016\/"]}]},{"@type":"BreadcrumbList","@id":"https:\/\/sereingeniera.ugr.es\/index.php\/2016\/04\/12\/abierta-la-preinscripcion-del-campus-tecnologico-para-chicas-ugr-2016\/#breadcrumb","itemListElement":[{"@type":"ListItem","position":1,"name":"Portada","item":"https:\/\/sereingeniera.ugr.es\/"},{"@type":"ListItem","position":2,"name":"Abierta la preinscripci\u00f3n del Campus Tecnol\u00f3gico para Chicas UGR 2016"}]},{"@type":"WebSite","@id":"https:\/\/sereingeniera.ugr.es\/#website","url":"https:\/\/sereingeniera.ugr.es\/","name":"Ser\u00e9 Ingeniera","description":"","potentialAction":[{"@type":"SearchAction","target":{"@type":"EntryPoint","urlTemplate":"https:\/\/sereingeniera.ugr.es\/?s={search_term_string}"},"query-input":{"@type":"PropertyValueSpecification","valueRequired":true,"valueName":"search_term_string"}}],"inLanguage":"es"},{"@type":"Person","@id":"https:\/\/sereingeniera.ugr.es\/#\/schema\/person\/f246eee15182460bff4e9c0b7904056e","name":"administrador","image":{"@type":"ImageObject","inLanguage":"es","@id":"https:\/\/secure.gravatar.com\/avatar\/e58fd5b46aa18820d3a032157d6346599f21e4be3404b00a1a075838b8e00d27?s=96&d=monsterid&r=g","url":"https:\/\/secure.gravatar.com\/avatar\/e58fd5b46aa18820d3a032157d6346599f21e4be3404b00a1a075838b8e00d27?s=96&d=monsterid&r=g","contentUrl":"https:\/\/secure.gravatar.com\/avatar\/e58fd5b46aa18820d3a032157d6346599f21e4be3404b00a1a075838b8e00d27?s=96&d=monsterid&r=g","caption":"administrador"},"url":"https:\/\/sereingeniera.ugr.es\/index.php\/author\/administrador\/"}]}},"_links":{"self":[{"href":"https:\/\/sereingeniera.ugr.es\/index.php\/wp-json\/wp\/v2\/posts\/369","targetHints":{"allow":["GET"]}}],"collection":[{"href":"https:\/\/sereingeniera.ugr.es\/index.php\/wp-json\/wp\/v2\/posts"}],"about":[{"href":"https:\/\/sereingeniera.ugr.es\/index.php\/wp-json\/wp\/v2\/types\/post"}],"author":[{"embeddable":true,"href":"https:\/\/sereingeniera.ugr.es\/index.php\/wp-json\/wp\/v2\/users\/1"}],"replies":[{"embeddable":true,"href":"https:\/\/sereingeniera.ugr.es\/index.php\/wp-json\/wp\/v2\/comments?post=369"}],"version-history":[{"count":2,"href":"https:\/\/sereingeniera.ugr.es\/index.php\/wp-json\/wp\/v2\/posts\/369\/revisions"}],"predecessor-version":[{"id":385,"href":"https:\/\/sereingeniera.ugr.es\/index.php\/wp-json\/wp\/v2\/posts\/369\/revisions\/385"}],"wp:attachment":[{"href":"https:\/\/sereingeniera.ugr.es\/index.php\/wp-json\/wp\/v2\/media?parent=369"}],"wp:term":[{"taxonomy":"category","embeddable":true,"href":"https:\/\/sereingeniera.ugr.es\/index.php\/wp-json\/wp\/v2\/categories?post=369"},{"taxonomy":"post_tag","embeddable":true,"href":"https:\/\/sereingeniera.ugr.es\/index.php\/wp-json\/wp\/v2\/tags?post=369"}],"curies":[{"name":"wp","href":"https:\/\/api.w.org\/{rel}","templated":true}]}}