{"id":3610,"date":"2024-03-03T21:48:56","date_gmt":"2024-03-03T20:48:56","guid":{"rendered":"https:\/\/sereingeniera.ugr.es\/?p=3610"},"modified":"2024-03-03T21:57:24","modified_gmt":"2024-03-03T20:57:24","slug":"sere-ingeniera-2024","status":"publish","type":"post","link":"https:\/\/sereingeniera.ugr.es\/index.php\/2024\/03\/03\/sere-ingeniera-2024\/","title":{"rendered":"\u00a1Estamos de vuelta! #Ser\u00e9Ingeniera2024"},"content":{"rendered":"\n<h3 class=\"wp-block-heading\">\u00a1<strong>Arrancamos motores<\/strong> para preparar esta nueva edici\u00f3n del campus tecnol\u00f3gico para chicas Ser\u00e9 Ingeniera!<\/h3>\n\n\n<div class=\"wp-block-image\">\n<figure class=\"alignright size-full is-resized\"><img loading=\"lazy\" decoding=\"async\" src=\"https:\/\/sereingeniera.ugr.es\/wp-content\/uploads\/image-21.png\" alt=\"\" class=\"wp-image-3614\" width=\"173\" height=\"173\" srcset=\"https:\/\/sereingeniera.ugr.es\/wp-content\/uploads\/image-21.png 1024w, https:\/\/sereingeniera.ugr.es\/wp-content\/uploads\/image-21-300x300.png 300w, https:\/\/sereingeniera.ugr.es\/wp-content\/uploads\/image-21-150x150.png 150w, https:\/\/sereingeniera.ugr.es\/wp-content\/uploads\/image-21-768x768.png 768w\" sizes=\"auto, (max-width: 173px) 100vw, 173px\" \/><\/figure>\n<\/div>\n\n\n<p>Si, os tenemos que contar que ya sabemos las <strong><a href=\"https:\/\/sereingeniera.ugr.es\/index.php\/como-puedo-participar-4\/\" target=\"_blank\" rel=\"noreferrer noopener\">fechas<\/a><\/strong> de realizaci\u00f3n del <strong>campus<\/strong> de este a\u00f1o y que hemos actualizado la <a href=\"https:\/\/sereingeniera.ugr.es\/index.php\/presentacion-2024\/\" target=\"_blank\" rel=\"noreferrer noopener\">web<\/a> para que teng\u00e1is la informaci\u00f3n que hasta ahora podemos desvelar sobre esta nueva edici\u00f3n que ser\u00e1 la<strong><a href=\"https:\/\/sereingeniera.ugr.es\/index.php\/presentacion-2024\/\" target=\"_blank\" rel=\"noreferrer noopener\"> XI Edici\u00f3n de Ser\u00e9 Ingeniera<\/a><\/strong>. <\/p>\n\n\n\n<p>Parece que fue ayer cuando comenzamos t\u00edmidamente la primera edici\u00f3n y con este ser\u00e1n<strong> 11 a\u00f1os <\/strong>que llevamos preparando con toda la ilusi\u00f3n y mucho cari\u00f1o, los <strong>proyectos y actividades para las chicas participantes<\/strong>. En las X Ediciones que llevamos, han pasado por nuestro campus un total de 400 chicas de las cuales muchas de ellas est\u00e1n cursando carreras t\u00e9cnicas o bien ya han terminado sus grados relacionados con la tecnolog\u00eda y estamos super orgullosas de ello.<\/p>\n\n\n<div class=\"wp-block-image\">\n<figure class=\"alignleft size-full is-resized\"><img loading=\"lazy\" decoding=\"async\" src=\"https:\/\/sereingeniera.ugr.es\/wp-content\/uploads\/image-20.png\" alt=\"\" class=\"wp-image-3612\" width=\"341\" height=\"255\" srcset=\"https:\/\/sereingeniera.ugr.es\/wp-content\/uploads\/image-20.png 800w, https:\/\/sereingeniera.ugr.es\/wp-content\/uploads\/image-20-300x225.png 300w, https:\/\/sereingeniera.ugr.es\/wp-content\/uploads\/image-20-768x576.png 768w\" sizes=\"auto, (max-width: 341px) 100vw, 341px\" \/><\/figure>\n<\/div>\n\n\n<p>En los dos \u00faltimos a\u00f1os, como actividad en el campus hemos ido introduciendo las<strong> charlas y desayunos con ingenieras. <\/strong>Solicitamos la participaci\u00f3n de algunas de las <strong>chicas<\/strong> que han pasado por el campus en ediciones anteriores y son <strong>estudiantes de ingenier\u00eda<\/strong> para que vengan a <strong>contar<\/strong> a las participantes de la edici\u00f3n en curso <strong>su experiencia en el campus y<\/strong> <strong>como se decidieron por elegir esa ingenier\u00eda<\/strong>. Adem\u00e1s de darles consejos de que estudiar si no est\u00e1n seguras de que quieren hacer cuando terminen el bachiller.  Creemos que esta actividad es importante ya que incentivamos a las participantes con referentes de edades muy similares a las de ellas, que hacia un par de a\u00f1os estaban sentadas con la misma ilusi\u00f3n que ellas en esa misma aula de la <strong><a href=\"http:\/\/www.etsiit.ugr.es\" target=\"_blank\" rel=\"noreferrer noopener\">Escuela Superior de Ingenier\u00edas inform\u00e1tica y telecomunicaci\u00f3n<\/a><\/strong> de la<strong> <a href=\"http:\/\/www.ugr.es\" target=\"_blank\" rel=\"noreferrer noopener\">Universidad de Granada<\/a><\/strong> y ahora est\u00e1n estudiando ingenier\u00eda. <\/p>\n\n\n<div class=\"wp-block-image\">\n<figure class=\"alignright size-full is-resized\"><img loading=\"lazy\" decoding=\"async\" src=\"https:\/\/sereingeniera.ugr.es\/wp-content\/uploads\/image-22.png\" alt=\"\" class=\"wp-image-3619\" width=\"304\" height=\"304\" srcset=\"https:\/\/sereingeniera.ugr.es\/wp-content\/uploads\/image-22.png 800w, https:\/\/sereingeniera.ugr.es\/wp-content\/uploads\/image-22-300x300.png 300w, https:\/\/sereingeniera.ugr.es\/wp-content\/uploads\/image-22-150x150.png 150w, https:\/\/sereingeniera.ugr.es\/wp-content\/uploads\/image-22-768x768.png 768w\" sizes=\"auto, (max-width: 304px) 100vw, 304px\" \/><\/figure>\n<\/div>\n\n\n<p>Adem\u00e1s, todas las profesoras que participamos en el campus somos ingenieras o estudiantes de ingenier\u00eda y participamos activamente resolviendo dudas, no solo durante el campus sino que, en muchas ocasiones, somos mentoras de las chicas que nos solicitan ayuda.<\/p>\n\n\n\n<p>La <strong><a href=\"http:\/\/www.osl.ugr.es\/\" target=\"_blank\" rel=\"noreferrer noopener\">Oficina de software Libre de la UGR<\/a><\/strong> es la precursora de esta iniciativa tan chula para introducir a las pr\u00f3ximas generaciones de ingenieras en este mundo. Pero, Para poder realizar todas las actividades que hacemos en el campus incluyendo  <strong>los <a href=\"https:\/\/sereingeniera.ugr.es\/index.php\/materiales-y-presentaciones\/\" target=\"_blank\" rel=\"noreferrer noopener\">proyectos<\/a> y talleres especiales<\/strong> de cada edici\u00f3n, <strong>necesitamos<\/strong> ayuda de empresas que nos ofrezcan su <strong><a href=\"https:\/\/sereingeniera.ugr.es\/index.php\/patrocinadores-2024\/\" target=\"_blank\" rel=\"noreferrer noopener\">patrocinio<\/a>.<\/strong><\/p>\n\n\n<div class=\"wp-block-image\">\n<figure class=\"alignleft size-large is-resized\"><img loading=\"lazy\" decoding=\"async\" src=\"https:\/\/sereingeniera.ugr.es\/wp-content\/uploads\/image-23-826x1024.png\" alt=\"\" class=\"wp-image-3623\" width=\"127\" height=\"157\" srcset=\"https:\/\/sereingeniera.ugr.es\/wp-content\/uploads\/image-23-826x1024.png 826w, https:\/\/sereingeniera.ugr.es\/wp-content\/uploads\/image-23-242x300.png 242w, https:\/\/sereingeniera.ugr.es\/wp-content\/uploads\/image-23-768x953.png 768w, https:\/\/sereingeniera.ugr.es\/wp-content\/uploads\/image-23.png 1032w\" sizes=\"auto, (max-width: 127px) 100vw, 127px\" \/><\/figure>\n<\/div>\n\n\n<p>En este post queremos dar las gracias por su apoyo a todas las empresas que nos han patrocinado en ediciones anteriores. Han sido muchas y todas tienen su espacio en nuestra web en el apartado de <a href=\"https:\/\/sereingeniera.ugr.es\/index.php\/patrocinadores-2024\/\" target=\"_blank\" rel=\"noreferrer noopener\">PATROCINIO<\/a> en el a\u00f1o correspondiente. En ese mismo enlace, est\u00e1n las condiciones si quieres o conoces a alguien que est\u00e9 interesado en patrocinar nuestro campus. Y las formas de difusi\u00f3n que emplearemos para devolverles el favor d\u00e1ndoles publicidad.<\/p>\n\n\n\n<p>En la edici\u00f3n anterior, fue el X aniversario del campus y salimos en diversos <strong>medios de comunicaci\u00f3n <\/strong>entre ellos <strong><a href=\"https:\/\/www.rtve.es\/play\/videos\/noticias-andalucia\/campus-verano-sere-ingeniera\/6927004\/\" target=\"_blank\" rel=\"noreferrer noopener\">RTVE<\/a>, <a href=\"https:\/\/www.ideal.es\/miugr\/mayor-ingeniera-20230704003841-nt.html\" target=\"_blank\" rel=\"noreferrer noopener\">Ideal Granada<\/a>, <a href=\"https:\/\/www.granadahoy.com\/granada\/Universidad-Granada-vocacion-ingenieras-adolescentes_0_1807619723.html\" target=\"_blank\" rel=\"noreferrer noopener\">Granada hoy<\/a>, <a href=\"https:\/\/www.lavanguardia.com\/vida\/20230702\/9082296\/universidad-granada-impulsa-vocacion-ingenieras-campus-adolescentes.html\" target=\"_blank\" rel=\"noreferrer noopener\">La Vanguardia<\/a><\/strong>, <a href=\"https:\/\/cadenaser.com\/audio\/cadenaser_granada_hoyporhoygranada_20230707_122300_140000\/?ssm=tw\" target=\"_blank\" rel=\"noreferrer noopener\"><strong>Cadena Ser<\/strong><\/a>, <a href=\"https:\/\/womandigital.es\/evento\/campus-sere-ingeniera-2023\/\" target=\"_blank\" rel=\"noreferrer noopener\"><strong>Woman Digital<\/strong><\/a>, <a href=\"https:\/\/www.elindependientedegranada.es\/economia\/ellas-seran-ingenieras\" target=\"_blank\" rel=\"noreferrer noopener\"><strong>el independiente de Granada<\/strong><\/a>, <a href=\"https:\/\/canal.ugr.es\/noticia\/la-presentacion-de-los-proyectos-de-las-alumnas-clausura-del-x-campus-tecnologico-para-chicas-sere-ingeniera\/\" target=\"_blank\" rel=\"noreferrer noopener\"><strong>el canal de la UGR<\/strong><\/a>.<\/p>\n\n\n\n<figure class=\"wp-block-embed aligncenter is-type-rich is-provider-twitter wp-block-embed-twitter\"><div class=\"wp-block-embed__wrapper\">\n<blockquote class=\"twitter-tweet\" data-width=\"550\" data-dnt=\"true\"><p lang=\"es\" dir=\"ltr\">Los informativos de <a href=\"https:\/\/twitter.com\/La1_tve?ref_src=twsrc%5Etfw\">@La1_tve<\/a> Andaluc\u00eda se hacen eco del comienzo de la X edici\u00f3n del campus &quot;Ser\u00e9 Ingeniera&quot; que se celebra con el objetivo de promover las vocaciones t\u00e9cnicas entre las chicas. <a href=\"https:\/\/twitter.com\/sereingeniera?ref_src=twsrc%5Etfw\">@sereingeniera<\/a> <a href=\"https:\/\/t.co\/19j9g7tDDj\">pic.twitter.com\/19j9g7tDDj<\/a><\/p>&mdash; Universidad Granada (@CanalUGR) <a href=\"https:\/\/twitter.com\/CanalUGR\/status\/1676144152080269312?ref_src=twsrc%5Etfw\">July 4, 2023<\/a><\/blockquote><script async src=\"https:\/\/platform.twitter.com\/widgets.js\" charset=\"utf-8\"><\/script>\n<\/div><\/figure>\n","protected":false},"excerpt":{"rendered":"<p>\u00a1Arrancamos motores para preparar esta nueva edici\u00f3n del campus tecnol\u00f3gico para chicas Ser\u00e9 Ingeniera! Si, os tenemos que contar que ya sabemos las fechas de realizaci\u00f3n del campus de este a\u00f1o y que hemos actualizado la web para que teng\u00e1is la informaci\u00f3n que hasta ahora podemos desvelar sobre esta nueva edici\u00f3n que ser\u00e1 la XI &hellip; <a href=\"https:\/\/sereingeniera.ugr.es\/index.php\/2024\/03\/03\/sere-ingeniera-2024\/\" class=\"more-link\">Seguir leyendo <span class=\"screen-reader-text\">\u00a1Estamos de vuelta! #Ser\u00e9Ingeniera2024<\/span> <span class=\"meta-nav\">&rarr;<\/span><\/a><\/p>\n","protected":false},"author":9,"featured_media":3611,"comment_status":"open","ping_status":"open","sticky":false,"template":"","format":"standard","meta":{"footnotes":"","_links_to":"","_links_to_target":""},"categories":[262],"tags":[212,202,175,217,109,197,186,150],"class_list":["post-3610","post","type-post","status-publish","format-standard","has-post-thumbnail","hentry","category-sereingeniera-2024","tag-actividades-stem","tag-campus-tecnologico-para-chicas","tag-fomento-de-vocaciones","tag-ingenieras","tag-mujeres","tag-mujeres-en-ciencia","tag-mujeres-en-ingenieria","tag-mujeres-en-stem"],"yoast_head":"<!-- This site is optimized with the Yoast SEO plugin v27.5 - https:\/\/yoast.com\/product\/yoast-seo-wordpress\/ -->\n<title>\u00a1Estamos de vuelta! #Ser\u00e9Ingeniera2024 - Ser\u00e9 Ingeniera<\/title>\n<meta name=\"robots\" content=\"index, follow, max-snippet:-1, max-image-preview:large, max-video-preview:-1\" \/>\n<link rel=\"canonical\" href=\"https:\/\/sereingeniera.ugr.es\/index.php\/2024\/03\/03\/sere-ingeniera-2024\/\" \/>\n<meta property=\"og:locale\" content=\"es_ES\" \/>\n<meta property=\"og:type\" content=\"article\" \/>\n<meta property=\"og:title\" content=\"\u00a1Estamos de vuelta! #Ser\u00e9Ingeniera2024 - Ser\u00e9 Ingeniera\" \/>\n<meta property=\"og:description\" content=\"\u00a1Arrancamos motores para preparar esta nueva edici\u00f3n del campus tecnol\u00f3gico para chicas Ser\u00e9 Ingeniera! Si, os tenemos que contar que ya sabemos las fechas de realizaci\u00f3n del campus de este a\u00f1o y que hemos actualizado la web para que teng\u00e1is la informaci\u00f3n que hasta ahora podemos desvelar sobre esta nueva edici\u00f3n que ser\u00e1 la XI &hellip; Seguir leyendo \u00a1Estamos de vuelta! #Ser\u00e9Ingeniera2024 &rarr;\" \/>\n<meta property=\"og:url\" content=\"https:\/\/sereingeniera.ugr.es\/index.php\/2024\/03\/03\/sere-ingeniera-2024\/\" \/>\n<meta property=\"og:site_name\" content=\"Ser\u00e9 Ingeniera\" \/>\n<meta property=\"article:published_time\" content=\"2024-03-03T20:48:56+00:00\" \/>\n<meta property=\"article:modified_time\" content=\"2024-03-03T20:57:24+00:00\" \/>\n<meta property=\"og:image\" content=\"https:\/\/sereingeniera.ugr.es\/wp-content\/uploads\/photo1709492843.jpeg\" \/>\n\t<meta property=\"og:image:width\" content=\"960\" \/>\n\t<meta property=\"og:image:height\" content=\"681\" \/>\n\t<meta property=\"og:image:type\" content=\"image\/jpeg\" \/>\n<meta name=\"author\" content=\"Elvira Castillo\" \/>\n<meta name=\"twitter:card\" content=\"summary_large_image\" \/>\n<meta name=\"twitter:label1\" content=\"Escrito por\" \/>\n\t<meta name=\"twitter:data1\" content=\"Elvira Castillo\" \/>\n\t<meta name=\"twitter:label2\" content=\"Tiempo de lectura\" \/>\n\t<meta name=\"twitter:data2\" content=\"4 minutos\" \/>\n<script type=\"application\/ld+json\" class=\"yoast-schema-graph\">{\"@context\":\"https:\\\/\\\/schema.org\",\"@graph\":[{\"@type\":\"Article\",\"@id\":\"https:\\\/\\\/sereingeniera.ugr.es\\\/index.php\\\/2024\\\/03\\\/03\\\/sere-ingeniera-2024\\\/#article\",\"isPartOf\":{\"@id\":\"https:\\\/\\\/sereingeniera.ugr.es\\\/index.php\\\/2024\\\/03\\\/03\\\/sere-ingeniera-2024\\\/\"},\"author\":{\"name\":\"Elvira Castillo\",\"@id\":\"https:\\\/\\\/sereingeniera.ugr.es\\\/#\\\/schema\\\/person\\\/e642dc501d8472076090b2de23926846\"},\"headline\":\"\u00a1Estamos de vuelta! #Ser\u00e9Ingeniera2024\",\"datePublished\":\"2024-03-03T20:48:56+00:00\",\"dateModified\":\"2024-03-03T20:57:24+00:00\",\"mainEntityOfPage\":{\"@id\":\"https:\\\/\\\/sereingeniera.ugr.es\\\/index.php\\\/2024\\\/03\\\/03\\\/sere-ingeniera-2024\\\/\"},\"wordCount\":539,\"commentCount\":0,\"image\":{\"@id\":\"https:\\\/\\\/sereingeniera.ugr.es\\\/index.php\\\/2024\\\/03\\\/03\\\/sere-ingeniera-2024\\\/#primaryimage\"},\"thumbnailUrl\":\"https:\\\/\\\/sereingeniera.ugr.es\\\/wp-content\\\/uploads\\\/photo1709492843.jpeg\",\"keywords\":[\"actividades STEM\",\"Campus Tecnol\u00f3gico para Chicas\",\"Fomento de vocaciones\",\"ingenieras\",\"mujeres\",\"Mujeres en ciencia\",\"Mujeres en Ingenier\u00eda\",\"Mujeres en STEM\"],\"articleSection\":[\"SereIngeniera 2024\"],\"inLanguage\":\"es\",\"potentialAction\":[{\"@type\":\"CommentAction\",\"name\":\"Comment\",\"target\":[\"https:\\\/\\\/sereingeniera.ugr.es\\\/index.php\\\/2024\\\/03\\\/03\\\/sere-ingeniera-2024\\\/#respond\"]}]},{\"@type\":\"WebPage\",\"@id\":\"https:\\\/\\\/sereingeniera.ugr.es\\\/index.php\\\/2024\\\/03\\\/03\\\/sere-ingeniera-2024\\\/\",\"url\":\"https:\\\/\\\/sereingeniera.ugr.es\\\/index.php\\\/2024\\\/03\\\/03\\\/sere-ingeniera-2024\\\/\",\"name\":\"\u00a1Estamos de vuelta! #Ser\u00e9Ingeniera2024 - Ser\u00e9 Ingeniera\",\"isPartOf\":{\"@id\":\"https:\\\/\\\/sereingeniera.ugr.es\\\/#website\"},\"primaryImageOfPage\":{\"@id\":\"https:\\\/\\\/sereingeniera.ugr.es\\\/index.php\\\/2024\\\/03\\\/03\\\/sere-ingeniera-2024\\\/#primaryimage\"},\"image\":{\"@id\":\"https:\\\/\\\/sereingeniera.ugr.es\\\/index.php\\\/2024\\\/03\\\/03\\\/sere-ingeniera-2024\\\/#primaryimage\"},\"thumbnailUrl\":\"https:\\\/\\\/sereingeniera.ugr.es\\\/wp-content\\\/uploads\\\/photo1709492843.jpeg\",\"datePublished\":\"2024-03-03T20:48:56+00:00\",\"dateModified\":\"2024-03-03T20:57:24+00:00\",\"author\":{\"@id\":\"https:\\\/\\\/sereingeniera.ugr.es\\\/#\\\/schema\\\/person\\\/e642dc501d8472076090b2de23926846\"},\"breadcrumb\":{\"@id\":\"https:\\\/\\\/sereingeniera.ugr.es\\\/index.php\\\/2024\\\/03\\\/03\\\/sere-ingeniera-2024\\\/#breadcrumb\"},\"inLanguage\":\"es\",\"potentialAction\":[{\"@type\":\"ReadAction\",\"target\":[\"https:\\\/\\\/sereingeniera.ugr.es\\\/index.php\\\/2024\\\/03\\\/03\\\/sere-ingeniera-2024\\\/\"]}]},{\"@type\":\"ImageObject\",\"inLanguage\":\"es\",\"@id\":\"https:\\\/\\\/sereingeniera.ugr.es\\\/index.php\\\/2024\\\/03\\\/03\\\/sere-ingeniera-2024\\\/#primaryimage\",\"url\":\"https:\\\/\\\/sereingeniera.ugr.es\\\/wp-content\\\/uploads\\\/photo1709492843.jpeg\",\"contentUrl\":\"https:\\\/\\\/sereingeniera.ugr.es\\\/wp-content\\\/uploads\\\/photo1709492843.jpeg\",\"width\":960,\"height\":681},{\"@type\":\"BreadcrumbList\",\"@id\":\"https:\\\/\\\/sereingeniera.ugr.es\\\/index.php\\\/2024\\\/03\\\/03\\\/sere-ingeniera-2024\\\/#breadcrumb\",\"itemListElement\":[{\"@type\":\"ListItem\",\"position\":1,\"name\":\"Portada\",\"item\":\"https:\\\/\\\/sereingeniera.ugr.es\\\/\"},{\"@type\":\"ListItem\",\"position\":2,\"name\":\"\u00a1Estamos de vuelta! #Ser\u00e9Ingeniera2024\"}]},{\"@type\":\"WebSite\",\"@id\":\"https:\\\/\\\/sereingeniera.ugr.es\\\/#website\",\"url\":\"https:\\\/\\\/sereingeniera.ugr.es\\\/\",\"name\":\"Ser\u00e9 Ingeniera\",\"description\":\"\",\"potentialAction\":[{\"@type\":\"SearchAction\",\"target\":{\"@type\":\"EntryPoint\",\"urlTemplate\":\"https:\\\/\\\/sereingeniera.ugr.es\\\/?s={search_term_string}\"},\"query-input\":{\"@type\":\"PropertyValueSpecification\",\"valueRequired\":true,\"valueName\":\"search_term_string\"}}],\"inLanguage\":\"es\"},{\"@type\":\"Person\",\"@id\":\"https:\\\/\\\/sereingeniera.ugr.es\\\/#\\\/schema\\\/person\\\/e642dc501d8472076090b2de23926846\",\"name\":\"Elvira Castillo\",\"image\":{\"@type\":\"ImageObject\",\"inLanguage\":\"es\",\"@id\":\"https:\\\/\\\/secure.gravatar.com\\\/avatar\\\/9174915daf6f60047cf21ae0bd688bf6ca4c0056cb27f3cb63b3339a3738f5fb?s=96&d=monsterid&r=g\",\"url\":\"https:\\\/\\\/secure.gravatar.com\\\/avatar\\\/9174915daf6f60047cf21ae0bd688bf6ca4c0056cb27f3cb63b3339a3738f5fb?s=96&d=monsterid&r=g\",\"contentUrl\":\"https:\\\/\\\/secure.gravatar.com\\\/avatar\\\/9174915daf6f60047cf21ae0bd688bf6ca4c0056cb27f3cb63b3339a3738f5fb?s=96&d=monsterid&r=g\",\"caption\":\"Elvira Castillo\"},\"url\":\"https:\\\/\\\/sereingeniera.ugr.es\\\/index.php\\\/author\\\/elvira\\\/\"}]}<\/script>\n<!-- \/ Yoast SEO plugin. -->","yoast_head_json":{"title":"\u00a1Estamos de vuelta! #Ser\u00e9Ingeniera2024 - Ser\u00e9 Ingeniera","robots":{"index":"index","follow":"follow","max-snippet":"max-snippet:-1","max-image-preview":"max-image-preview:large","max-video-preview":"max-video-preview:-1"},"canonical":"https:\/\/sereingeniera.ugr.es\/index.php\/2024\/03\/03\/sere-ingeniera-2024\/","og_locale":"es_ES","og_type":"article","og_title":"\u00a1Estamos de vuelta! #Ser\u00e9Ingeniera2024 - Ser\u00e9 Ingeniera","og_description":"\u00a1Arrancamos motores para preparar esta nueva edici\u00f3n del campus tecnol\u00f3gico para chicas Ser\u00e9 Ingeniera! Si, os tenemos que contar que ya sabemos las fechas de realizaci\u00f3n del campus de este a\u00f1o y que hemos actualizado la web para que teng\u00e1is la informaci\u00f3n que hasta ahora podemos desvelar sobre esta nueva edici\u00f3n que ser\u00e1 la XI &hellip; Seguir leyendo \u00a1Estamos de vuelta! #Ser\u00e9Ingeniera2024 &rarr;","og_url":"https:\/\/sereingeniera.ugr.es\/index.php\/2024\/03\/03\/sere-ingeniera-2024\/","og_site_name":"Ser\u00e9 Ingeniera","article_published_time":"2024-03-03T20:48:56+00:00","article_modified_time":"2024-03-03T20:57:24+00:00","og_image":[{"width":960,"height":681,"url":"https:\/\/sereingeniera.ugr.es\/wp-content\/uploads\/photo1709492843.jpeg","type":"image\/jpeg"}],"author":"Elvira Castillo","twitter_card":"summary_large_image","twitter_misc":{"Escrito por":"Elvira Castillo","Tiempo de lectura":"4 minutos"},"schema":{"@context":"https:\/\/schema.org","@graph":[{"@type":"Article","@id":"https:\/\/sereingeniera.ugr.es\/index.php\/2024\/03\/03\/sere-ingeniera-2024\/#article","isPartOf":{"@id":"https:\/\/sereingeniera.ugr.es\/index.php\/2024\/03\/03\/sere-ingeniera-2024\/"},"author":{"name":"Elvira Castillo","@id":"https:\/\/sereingeniera.ugr.es\/#\/schema\/person\/e642dc501d8472076090b2de23926846"},"headline":"\u00a1Estamos de vuelta! #Ser\u00e9Ingeniera2024","datePublished":"2024-03-03T20:48:56+00:00","dateModified":"2024-03-03T20:57:24+00:00","mainEntityOfPage":{"@id":"https:\/\/sereingeniera.ugr.es\/index.php\/2024\/03\/03\/sere-ingeniera-2024\/"},"wordCount":539,"commentCount":0,"image":{"@id":"https:\/\/sereingeniera.ugr.es\/index.php\/2024\/03\/03\/sere-ingeniera-2024\/#primaryimage"},"thumbnailUrl":"https:\/\/sereingeniera.ugr.es\/wp-content\/uploads\/photo1709492843.jpeg","keywords":["actividades STEM","Campus Tecnol\u00f3gico para Chicas","Fomento de vocaciones","ingenieras","mujeres","Mujeres en ciencia","Mujeres en Ingenier\u00eda","Mujeres en STEM"],"articleSection":["SereIngeniera 2024"],"inLanguage":"es","potentialAction":[{"@type":"CommentAction","name":"Comment","target":["https:\/\/sereingeniera.ugr.es\/index.php\/2024\/03\/03\/sere-ingeniera-2024\/#respond"]}]},{"@type":"WebPage","@id":"https:\/\/sereingeniera.ugr.es\/index.php\/2024\/03\/03\/sere-ingeniera-2024\/","url":"https:\/\/sereingeniera.ugr.es\/index.php\/2024\/03\/03\/sere-ingeniera-2024\/","name":"\u00a1Estamos de vuelta! #Ser\u00e9Ingeniera2024 - Ser\u00e9 Ingeniera","isPartOf":{"@id":"https:\/\/sereingeniera.ugr.es\/#website"},"primaryImageOfPage":{"@id":"https:\/\/sereingeniera.ugr.es\/index.php\/2024\/03\/03\/sere-ingeniera-2024\/#primaryimage"},"image":{"@id":"https:\/\/sereingeniera.ugr.es\/index.php\/2024\/03\/03\/sere-ingeniera-2024\/#primaryimage"},"thumbnailUrl":"https:\/\/sereingeniera.ugr.es\/wp-content\/uploads\/photo1709492843.jpeg","datePublished":"2024-03-03T20:48:56+00:00","dateModified":"2024-03-03T20:57:24+00:00","author":{"@id":"https:\/\/sereingeniera.ugr.es\/#\/schema\/person\/e642dc501d8472076090b2de23926846"},"breadcrumb":{"@id":"https:\/\/sereingeniera.ugr.es\/index.php\/2024\/03\/03\/sere-ingeniera-2024\/#breadcrumb"},"inLanguage":"es","potentialAction":[{"@type":"ReadAction","target":["https:\/\/sereingeniera.ugr.es\/index.php\/2024\/03\/03\/sere-ingeniera-2024\/"]}]},{"@type":"ImageObject","inLanguage":"es","@id":"https:\/\/sereingeniera.ugr.es\/index.php\/2024\/03\/03\/sere-ingeniera-2024\/#primaryimage","url":"https:\/\/sereingeniera.ugr.es\/wp-content\/uploads\/photo1709492843.jpeg","contentUrl":"https:\/\/sereingeniera.ugr.es\/wp-content\/uploads\/photo1709492843.jpeg","width":960,"height":681},{"@type":"BreadcrumbList","@id":"https:\/\/sereingeniera.ugr.es\/index.php\/2024\/03\/03\/sere-ingeniera-2024\/#breadcrumb","itemListElement":[{"@type":"ListItem","position":1,"name":"Portada","item":"https:\/\/sereingeniera.ugr.es\/"},{"@type":"ListItem","position":2,"name":"\u00a1Estamos de vuelta! #Ser\u00e9Ingeniera2024"}]},{"@type":"WebSite","@id":"https:\/\/sereingeniera.ugr.es\/#website","url":"https:\/\/sereingeniera.ugr.es\/","name":"Ser\u00e9 Ingeniera","description":"","potentialAction":[{"@type":"SearchAction","target":{"@type":"EntryPoint","urlTemplate":"https:\/\/sereingeniera.ugr.es\/?s={search_term_string}"},"query-input":{"@type":"PropertyValueSpecification","valueRequired":true,"valueName":"search_term_string"}}],"inLanguage":"es"},{"@type":"Person","@id":"https:\/\/sereingeniera.ugr.es\/#\/schema\/person\/e642dc501d8472076090b2de23926846","name":"Elvira Castillo","image":{"@type":"ImageObject","inLanguage":"es","@id":"https:\/\/secure.gravatar.com\/avatar\/9174915daf6f60047cf21ae0bd688bf6ca4c0056cb27f3cb63b3339a3738f5fb?s=96&d=monsterid&r=g","url":"https:\/\/secure.gravatar.com\/avatar\/9174915daf6f60047cf21ae0bd688bf6ca4c0056cb27f3cb63b3339a3738f5fb?s=96&d=monsterid&r=g","contentUrl":"https:\/\/secure.gravatar.com\/avatar\/9174915daf6f60047cf21ae0bd688bf6ca4c0056cb27f3cb63b3339a3738f5fb?s=96&d=monsterid&r=g","caption":"Elvira Castillo"},"url":"https:\/\/sereingeniera.ugr.es\/index.php\/author\/elvira\/"}]}},"_links":{"self":[{"href":"https:\/\/sereingeniera.ugr.es\/index.php\/wp-json\/wp\/v2\/posts\/3610","targetHints":{"allow":["GET"]}}],"collection":[{"href":"https:\/\/sereingeniera.ugr.es\/index.php\/wp-json\/wp\/v2\/posts"}],"about":[{"href":"https:\/\/sereingeniera.ugr.es\/index.php\/wp-json\/wp\/v2\/types\/post"}],"author":[{"embeddable":true,"href":"https:\/\/sereingeniera.ugr.es\/index.php\/wp-json\/wp\/v2\/users\/9"}],"replies":[{"embeddable":true,"href":"https:\/\/sereingeniera.ugr.es\/index.php\/wp-json\/wp\/v2\/comments?post=3610"}],"version-history":[{"count":16,"href":"https:\/\/sereingeniera.ugr.es\/index.php\/wp-json\/wp\/v2\/posts\/3610\/revisions"}],"predecessor-version":[{"id":3639,"href":"https:\/\/sereingeniera.ugr.es\/index.php\/wp-json\/wp\/v2\/posts\/3610\/revisions\/3639"}],"wp:featuredmedia":[{"embeddable":true,"href":"https:\/\/sereingeniera.ugr.es\/index.php\/wp-json\/wp\/v2\/media\/3611"}],"wp:attachment":[{"href":"https:\/\/sereingeniera.ugr.es\/index.php\/wp-json\/wp\/v2\/media?parent=3610"}],"wp:term":[{"taxonomy":"category","embeddable":true,"href":"https:\/\/sereingeniera.ugr.es\/index.php\/wp-json\/wp\/v2\/categories?post=3610"},{"taxonomy":"post_tag","embeddable":true,"href":"https:\/\/sereingeniera.ugr.es\/index.php\/wp-json\/wp\/v2\/tags?post=3610"}],"curies":[{"name":"wp","href":"https:\/\/api.w.org\/{rel}","templated":true}]}}