{"id":350,"date":"2015-07-10T16:23:52","date_gmt":"2015-07-10T16:23:52","guid":{"rendered":"http:\/\/sereingeniera.ugr.es\/?p=350"},"modified":"2015-07-13T07:36:55","modified_gmt":"2015-07-13T07:36:55","slug":"clausura-campus-tecnologico-ugr-para-chicas","status":"publish","type":"post","link":"https:\/\/sereingeniera.ugr.es\/index.php\/2015\/07\/10\/clausura-campus-tecnologico-ugr-para-chicas\/","title":{"rendered":"Clausura Campus tecnol\u00f3gico UGR para chicas"},"content":{"rendered":"<p><img loading=\"lazy\" decoding=\"async\" class=\"aligncenter size-full wp-image-351\" alt=\"Clausura Campus tecnol\u00f3gico UGR para chicas\" src=\"http:\/\/sereingeniera.ugr.es\/wp-content\/uploads\/2015\/07\/Captura-de-pantalla-2015-07-10-a-las-18.07.57.png\" width=\"595\" height=\"352\" \/><\/p>\n<p>Hoy hemos <strong>concluido<\/strong> el <strong>Campus<\/strong> con una sesi\u00f3n repleta de<strong> conocimiento, creatividad y emociones<\/strong>.<\/p>\n<p>El acto de clausura lo ha abierto\u00a0<strong>Joaqu\u00edn Fern\u00e1ndez Valdivia<\/strong>, director de la Escuela de Superior de Ingenier\u00eda Inform\u00e1tica y Telecomunicaciones, \u00a0que se ha mostrado <strong>agradecido por la afluencia de chicas de otras provincias<\/strong>\u00a0y ha <strong>recordado<\/strong> a las alumnas que han podido disfrutar de un Campus en el <strong>\u00fanico centro universitario que se encuentra entre los 50 centros mejores del mundo, al mismo tiempo que es el m\u00e1s peque\u00f1o del mundo<\/strong>.<\/p>\n<p>En su discurso ha apelado a los alarmantes datos de falta de presencia de mujeres en tecnolog\u00eda respecto de los hombres y ha se\u00f1alado que cada a\u00f1o en Espa\u00f1a <strong>m\u00e1s de 50.000 puestos de ingenier\u00eda se quedan sin cubrir<\/strong>, por lo que este sector se convierte en una opci\u00f3n excelente en cu\u00e1nto a salidas laborales.<\/p>\n<blockquote><p><em>\u00abSin embargo, lo que m\u00e1s me duele es la p\u00e9rdida del talento de las chicas en este \u00e1mbito\u00bb<\/em>, ha matizado.<\/p>\n<p><!--more--><\/p><\/blockquote>\n<p>A continuaci\u00f3n, <strong>Nuria Rico<\/strong>, coordinadora del Campus, ha dado paso a los <strong>patrocinadores<\/strong> de este a\u00f1o quienes han contribuido a sacar adelante el campus y han proporcionado material a las chicas para el desarrollo de sus proyectos.<\/p>\n<p>As\u00ed hemos contado con el <a title=\"Colegio Profesional de Ingenieros en Inform\u00e1tica de Andaluc\u00eda\" href=\"http:\/\/cpiiand.es\/wordpress\/\" target=\"_blank\">Colegio Profesional de Ingenier\u00eda Inform\u00e1tica en Andaluc\u00eda<\/a> que ha citado en su discurso que la<\/p>\n<blockquote><p><em>\u00abTecnolog\u00eda es demasiado importante para dejarla \u00fanicamente en manos de hombres\u00bb.\u00a0\u00a0<\/em><\/p><\/blockquote>\n<p><a title=\"Createc3D\" href=\"http:\/\/www.createc3d.com\/\" target=\"_blank\">Createc3D<\/a> que han proporcionado el material a las chicas y han resumido su experiencia como cooperativa de impresi\u00f3n en 3D y la <strong>aportaci\u00f3n de su trabajo a mejorar la calidad de vida de los pacientes con da\u00f1o cerebral con el la creaci\u00f3n por ejemplo de manos monotorizadas<\/strong>.<\/p>\n<figure id=\"attachment_352\" aria-describedby=\"caption-attachment-352\" style=\"width: 387px\" class=\"wp-caption alignright\"><img loading=\"lazy\" decoding=\"async\" class=\" wp-image-352  \" alt=\"Angel Campus\" src=\"http:\/\/sereingeniera.ugr.es\/wp-content\/uploads\/2015\/07\/Angel-Campus.jpg\" width=\"387\" height=\"218\" \/><figcaption id=\"caption-attachment-352\" class=\"wp-caption-text\">\u00c1ngel de SI2 Soluciones Inform\u00e1ticas<\/figcaption><\/figure>\n<p>Por su parte\u00a0<a title=\"SI2 Soluciones inform\u00e1ticas\" href=\"SI2 Soluciones Inform\u00e1ticas\" target=\"_blank\">SI2 Soluciones Inform\u00e1ticas<\/a> reflexion\u00f3 con los asistentes sobre los motivos de que las chicas no se decidan por carreras tecnol\u00f3gicas y <strong>anim\u00f3 a las j\u00f3venes a aprovechar las redes sociales para compartir su talento y crear contactos en cualquier parte del mundo<\/strong>. Otros patrocinadores han sido\u00a0<i>Delegaci\u00f3n del Rector para las TIC, la <a title=\"ETSIIT\" href=\"http:\/\/etsiit.ugr.es\/\" target=\"_blank\">ETSIIT <\/a>y <a title=\"Codeko\" href=\"http:\/\/codeko.com\/\" target=\"_blank\">Codeko<\/a>.<\/i><\/p>\n<p>El acto se ha enriquecido con las chicas de <a title=\"GirlsinTech\" href=\"http:\/\/www.girlsintech.org\/\" target=\"_blank\">Girls in Tech<\/a>, <strong>asociaci\u00f3n inclusiva de las mujeres en el \u00e1mbito de la tecnolog\u00eda<\/strong>; y <a title=\"G\u00e9nero en acci\u00f3n\" href=\"https:\/\/twitter.com\/generoenaccion\" target=\"_blank\">Mar\u00eda Mart\u00edn<\/a>, <strong>experta en g\u00e9nero<\/strong>, quien ha compartido en un tono ameno, conciso y claro un breve <strong>an\u00e1lisis de algunas de las causas de la casi ausencia de mujeres en ciencia y tecnolog\u00eda a lo largo de la historia<\/strong>. A la luz de varios datos ha apuntado la importancia de que las ni\u00f1as y adolescentes crezcan con <strong>referentes femeninos<\/strong> en estos \u00e1mbitos <strong>que fomenten su seguridad y autoestima<\/strong>.<\/p>\n<blockquote><p><em>\u00abEl mundo no necesita \u00fanicamente a hombres en tecnolog\u00eda, ni \u00fanicamente a mujeres. Necesita a hombres y a mujeres\u00bb<\/em>, ha finalizado.<\/p><\/blockquote>\n<p>Para concluir, las alumnas han <strong>presentado<\/strong> sus <strong>proyectos<\/strong> que han ido acompa\u00f1ados de un <strong>v\u00eddeo presentaci\u00f3n<\/strong> sobre el proceso de creaci\u00f3n de los mismos con sus dificultades y resultados finales.<\/p>\n<p><strong>Este a\u00f1o la rob\u00f3tica ha cobrado protagonismo<\/strong> y la creatividad de las chicas les ha llevado a construir \u00a0un <strong>robot<\/strong> inspirado en el entra\u00f1able <strong>Wall-e<\/strong> de Pixar, un <strong>coche<\/strong> electr\u00f3nico, un <strong>sem\u00e1foro<\/strong>, un <strong>piano<\/strong>, la <strong>casa<\/strong> de la pel\u00edcula de animaci\u00f3n UP, un\u00a0<strong>vestido<\/strong> <strong>luminoso<\/strong> que se enciende cuando la luz exterior baja de intensidad\u00a0y una <strong>mano robotizada<\/strong>; estos dos \u00faltimos ganadores de los premios que han consistido en dos tablets.<\/p>\n<p>Aqu\u00ed pod\u00e9is ver todos los proyectos:<\/p>\n<div id='gallery-1' class='gallery galleryid-350 gallery-columns-3 gallery-size-thumbnail'><figure class='gallery-item'>\n\t\t\t<div class='gallery-icon '>\n\t\t\t\t<a href='https:\/\/sereingeniera.ugr.es\/index.php\/2015\/07\/10\/clausura-campus-tecnologico-ugr-para-chicas\/piano-campus\/'>piano campus<\/a>\n\t\t\t<\/div><\/figure><figure class='gallery-item'>\n\t\t\t<div class='gallery-icon '>\n\t\t\t\t<a href='https:\/\/sereingeniera.ugr.es\/index.php\/2015\/07\/10\/clausura-campus-tecnologico-ugr-para-chicas\/semaforo1-campus\/'>semaforo1 campus<\/a>\n\t\t\t<\/div><\/figure><figure class='gallery-item'>\n\t\t\t<div class='gallery-icon '>\n\t\t\t\t<a href='https:\/\/sereingeniera.ugr.es\/index.php\/2015\/07\/10\/clausura-campus-tecnologico-ugr-para-chicas\/casa-up-campus1\/'>casa up campus1<\/a>\n\t\t\t<\/div><\/figure><figure class='gallery-item'>\n\t\t\t<div class='gallery-icon '>\n\t\t\t\t<a href='https:\/\/sereingeniera.ugr.es\/index.php\/2015\/07\/10\/clausura-campus-tecnologico-ugr-para-chicas\/robot-wall-e-campus-2\/'>robot wall-e campus<\/a>\n\t\t\t<\/div><\/figure><figure class='gallery-item'>\n\t\t\t<div class='gallery-icon '>\n\t\t\t\t<a href='https:\/\/sereingeniera.ugr.es\/index.php\/2015\/07\/10\/clausura-campus-tecnologico-ugr-para-chicas\/20150710_105217\/'>Clausura Campus tecnol\u00f3gico UGR para chicas<\/a>\n\t\t\t<\/div><\/figure><figure class='gallery-item'>\n\t\t\t<div class='gallery-icon '>\n\t\t\t\t<a href='https:\/\/sereingeniera.ugr.es\/index.php\/2015\/07\/10\/clausura-campus-tecnologico-ugr-para-chicas\/20150710_105313\/'>20150710_105313<\/a>\n\t\t\t<\/div><\/figure><figure class='gallery-item'>\n\t\t\t<div class='gallery-icon '>\n\t\t\t\t<a href='https:\/\/sereingeniera.ugr.es\/index.php\/2015\/07\/10\/clausura-campus-tecnologico-ugr-para-chicas\/20150710_123557\/'>20150710_123557<\/a>\n\t\t\t<\/div><\/figure>\n\t\t<\/div>\n\n","protected":false},"excerpt":{"rendered":"<p>Hoy hemos concluido el Campus con una sesi\u00f3n repleta de conocimiento, creatividad y emociones. El acto de clausura lo ha abierto\u00a0Joaqu\u00edn Fern\u00e1ndez Valdivia, director de la Escuela de Superior de Ingenier\u00eda Inform\u00e1tica y Telecomunicaciones, \u00a0que se ha mostrado agradecido por la afluencia de chicas de otras provincias\u00a0y ha recordado a las alumnas que han podido &hellip; <a href=\"https:\/\/sereingeniera.ugr.es\/index.php\/2015\/07\/10\/clausura-campus-tecnologico-ugr-para-chicas\/\" class=\"more-link\">Seguir leyendo <span class=\"screen-reader-text\">Clausura Campus tecnol\u00f3gico UGR para chicas<\/span> <span class=\"meta-nav\">&rarr;<\/span><\/a><\/p>\n","protected":false},"author":1,"featured_media":0,"comment_status":"closed","ping_status":"open","sticky":false,"template":"","format":"standard","meta":{"footnotes":"","_links_to":"","_links_to_target":""},"categories":[],"tags":[],"class_list":["post-350","post","type-post","status-publish","format-standard","hentry"],"yoast_head":"<!-- This site is optimized with the Yoast SEO plugin v27.5 - https:\/\/yoast.com\/product\/yoast-seo-wordpress\/ -->\n<title>Clausura Campus tecnol\u00f3gico UGR para chicas - Ser\u00e9 Ingeniera<\/title>\n<meta name=\"robots\" content=\"index, follow, max-snippet:-1, max-image-preview:large, max-video-preview:-1\" \/>\n<link rel=\"canonical\" href=\"https:\/\/sereingeniera.ugr.es\/index.php\/2015\/07\/10\/clausura-campus-tecnologico-ugr-para-chicas\/\" \/>\n<meta property=\"og:locale\" content=\"es_ES\" \/>\n<meta property=\"og:type\" content=\"article\" \/>\n<meta property=\"og:title\" content=\"Clausura Campus tecnol\u00f3gico UGR para chicas - Ser\u00e9 Ingeniera\" \/>\n<meta property=\"og:description\" content=\"Hoy hemos concluido el Campus con una sesi\u00f3n repleta de conocimiento, creatividad y emociones. El acto de clausura lo ha abierto\u00a0Joaqu\u00edn Fern\u00e1ndez Valdivia, director de la Escuela de Superior de Ingenier\u00eda Inform\u00e1tica y Telecomunicaciones, \u00a0que se ha mostrado agradecido por la afluencia de chicas de otras provincias\u00a0y ha recordado a las alumnas que han podido &hellip; Seguir leyendo Clausura Campus tecnol\u00f3gico UGR para chicas &rarr;\" \/>\n<meta property=\"og:url\" content=\"https:\/\/sereingeniera.ugr.es\/index.php\/2015\/07\/10\/clausura-campus-tecnologico-ugr-para-chicas\/\" \/>\n<meta property=\"og:site_name\" content=\"Ser\u00e9 Ingeniera\" \/>\n<meta property=\"article:published_time\" content=\"2015-07-10T16:23:52+00:00\" \/>\n<meta property=\"article:modified_time\" content=\"2015-07-13T07:36:55+00:00\" \/>\n<meta property=\"og:image\" content=\"http:\/\/sereingeniera.ugr.es\/wp-content\/uploads\/2015\/07\/Captura-de-pantalla-2015-07-10-a-las-18.07.57.png\" \/>\n<meta name=\"author\" content=\"administrador\" \/>\n<meta name=\"twitter:card\" content=\"summary_large_image\" \/>\n<meta name=\"twitter:label1\" content=\"Escrito por\" \/>\n\t<meta name=\"twitter:data1\" content=\"administrador\" \/>\n\t<meta name=\"twitter:label2\" content=\"Tiempo de lectura\" \/>\n\t<meta name=\"twitter:data2\" content=\"3 minutos\" \/>\n<script type=\"application\/ld+json\" class=\"yoast-schema-graph\">{\"@context\":\"https:\\\/\\\/schema.org\",\"@graph\":[{\"@type\":\"Article\",\"@id\":\"https:\\\/\\\/sereingeniera.ugr.es\\\/index.php\\\/2015\\\/07\\\/10\\\/clausura-campus-tecnologico-ugr-para-chicas\\\/#article\",\"isPartOf\":{\"@id\":\"https:\\\/\\\/sereingeniera.ugr.es\\\/index.php\\\/2015\\\/07\\\/10\\\/clausura-campus-tecnologico-ugr-para-chicas\\\/\"},\"author\":{\"name\":\"administrador\",\"@id\":\"https:\\\/\\\/sereingeniera.ugr.es\\\/#\\\/schema\\\/person\\\/f246eee15182460bff4e9c0b7904056e\"},\"headline\":\"Clausura Campus tecnol\u00f3gico UGR para chicas\",\"datePublished\":\"2015-07-10T16:23:52+00:00\",\"dateModified\":\"2015-07-13T07:36:55+00:00\",\"mainEntityOfPage\":{\"@id\":\"https:\\\/\\\/sereingeniera.ugr.es\\\/index.php\\\/2015\\\/07\\\/10\\\/clausura-campus-tecnologico-ugr-para-chicas\\\/\"},\"wordCount\":631,\"image\":{\"@id\":\"https:\\\/\\\/sereingeniera.ugr.es\\\/index.php\\\/2015\\\/07\\\/10\\\/clausura-campus-tecnologico-ugr-para-chicas\\\/#primaryimage\"},\"thumbnailUrl\":\"http:\\\/\\\/sereingeniera.ugr.es\\\/wp-content\\\/uploads\\\/2015\\\/07\\\/Captura-de-pantalla-2015-07-10-a-las-18.07.57.png\",\"inLanguage\":\"es\"},{\"@type\":\"WebPage\",\"@id\":\"https:\\\/\\\/sereingeniera.ugr.es\\\/index.php\\\/2015\\\/07\\\/10\\\/clausura-campus-tecnologico-ugr-para-chicas\\\/\",\"url\":\"https:\\\/\\\/sereingeniera.ugr.es\\\/index.php\\\/2015\\\/07\\\/10\\\/clausura-campus-tecnologico-ugr-para-chicas\\\/\",\"name\":\"Clausura Campus tecnol\u00f3gico UGR para chicas - Ser\u00e9 Ingeniera\",\"isPartOf\":{\"@id\":\"https:\\\/\\\/sereingeniera.ugr.es\\\/#website\"},\"primaryImageOfPage\":{\"@id\":\"https:\\\/\\\/sereingeniera.ugr.es\\\/index.php\\\/2015\\\/07\\\/10\\\/clausura-campus-tecnologico-ugr-para-chicas\\\/#primaryimage\"},\"image\":{\"@id\":\"https:\\\/\\\/sereingeniera.ugr.es\\\/index.php\\\/2015\\\/07\\\/10\\\/clausura-campus-tecnologico-ugr-para-chicas\\\/#primaryimage\"},\"thumbnailUrl\":\"http:\\\/\\\/sereingeniera.ugr.es\\\/wp-content\\\/uploads\\\/2015\\\/07\\\/Captura-de-pantalla-2015-07-10-a-las-18.07.57.png\",\"datePublished\":\"2015-07-10T16:23:52+00:00\",\"dateModified\":\"2015-07-13T07:36:55+00:00\",\"author\":{\"@id\":\"https:\\\/\\\/sereingeniera.ugr.es\\\/#\\\/schema\\\/person\\\/f246eee15182460bff4e9c0b7904056e\"},\"breadcrumb\":{\"@id\":\"https:\\\/\\\/sereingeniera.ugr.es\\\/index.php\\\/2015\\\/07\\\/10\\\/clausura-campus-tecnologico-ugr-para-chicas\\\/#breadcrumb\"},\"inLanguage\":\"es\",\"potentialAction\":[{\"@type\":\"ReadAction\",\"target\":[\"https:\\\/\\\/sereingeniera.ugr.es\\\/index.php\\\/2015\\\/07\\\/10\\\/clausura-campus-tecnologico-ugr-para-chicas\\\/\"]}]},{\"@type\":\"ImageObject\",\"inLanguage\":\"es\",\"@id\":\"https:\\\/\\\/sereingeniera.ugr.es\\\/index.php\\\/2015\\\/07\\\/10\\\/clausura-campus-tecnologico-ugr-para-chicas\\\/#primaryimage\",\"url\":\"\",\"contentUrl\":\"\"},{\"@type\":\"BreadcrumbList\",\"@id\":\"https:\\\/\\\/sereingeniera.ugr.es\\\/index.php\\\/2015\\\/07\\\/10\\\/clausura-campus-tecnologico-ugr-para-chicas\\\/#breadcrumb\",\"itemListElement\":[{\"@type\":\"ListItem\",\"position\":1,\"name\":\"Portada\",\"item\":\"https:\\\/\\\/sereingeniera.ugr.es\\\/\"},{\"@type\":\"ListItem\",\"position\":2,\"name\":\"Clausura Campus tecnol\u00f3gico UGR para chicas\"}]},{\"@type\":\"WebSite\",\"@id\":\"https:\\\/\\\/sereingeniera.ugr.es\\\/#website\",\"url\":\"https:\\\/\\\/sereingeniera.ugr.es\\\/\",\"name\":\"Ser\u00e9 Ingeniera\",\"description\":\"\",\"potentialAction\":[{\"@type\":\"SearchAction\",\"target\":{\"@type\":\"EntryPoint\",\"urlTemplate\":\"https:\\\/\\\/sereingeniera.ugr.es\\\/?s={search_term_string}\"},\"query-input\":{\"@type\":\"PropertyValueSpecification\",\"valueRequired\":true,\"valueName\":\"search_term_string\"}}],\"inLanguage\":\"es\"},{\"@type\":\"Person\",\"@id\":\"https:\\\/\\\/sereingeniera.ugr.es\\\/#\\\/schema\\\/person\\\/f246eee15182460bff4e9c0b7904056e\",\"name\":\"administrador\",\"image\":{\"@type\":\"ImageObject\",\"inLanguage\":\"es\",\"@id\":\"https:\\\/\\\/secure.gravatar.com\\\/avatar\\\/e58fd5b46aa18820d3a032157d6346599f21e4be3404b00a1a075838b8e00d27?s=96&d=monsterid&r=g\",\"url\":\"https:\\\/\\\/secure.gravatar.com\\\/avatar\\\/e58fd5b46aa18820d3a032157d6346599f21e4be3404b00a1a075838b8e00d27?s=96&d=monsterid&r=g\",\"contentUrl\":\"https:\\\/\\\/secure.gravatar.com\\\/avatar\\\/e58fd5b46aa18820d3a032157d6346599f21e4be3404b00a1a075838b8e00d27?s=96&d=monsterid&r=g\",\"caption\":\"administrador\"},\"url\":\"https:\\\/\\\/sereingeniera.ugr.es\\\/index.php\\\/author\\\/administrador\\\/\"}]}<\/script>\n<!-- \/ Yoast SEO plugin. -->","yoast_head_json":{"title":"Clausura Campus tecnol\u00f3gico UGR para chicas - Ser\u00e9 Ingeniera","robots":{"index":"index","follow":"follow","max-snippet":"max-snippet:-1","max-image-preview":"max-image-preview:large","max-video-preview":"max-video-preview:-1"},"canonical":"https:\/\/sereingeniera.ugr.es\/index.php\/2015\/07\/10\/clausura-campus-tecnologico-ugr-para-chicas\/","og_locale":"es_ES","og_type":"article","og_title":"Clausura Campus tecnol\u00f3gico UGR para chicas - Ser\u00e9 Ingeniera","og_description":"Hoy hemos concluido el Campus con una sesi\u00f3n repleta de conocimiento, creatividad y emociones. El acto de clausura lo ha abierto\u00a0Joaqu\u00edn Fern\u00e1ndez Valdivia, director de la Escuela de Superior de Ingenier\u00eda Inform\u00e1tica y Telecomunicaciones, \u00a0que se ha mostrado agradecido por la afluencia de chicas de otras provincias\u00a0y ha recordado a las alumnas que han podido &hellip; Seguir leyendo Clausura Campus tecnol\u00f3gico UGR para chicas &rarr;","og_url":"https:\/\/sereingeniera.ugr.es\/index.php\/2015\/07\/10\/clausura-campus-tecnologico-ugr-para-chicas\/","og_site_name":"Ser\u00e9 Ingeniera","article_published_time":"2015-07-10T16:23:52+00:00","article_modified_time":"2015-07-13T07:36:55+00:00","og_image":[{"url":"http:\/\/sereingeniera.ugr.es\/wp-content\/uploads\/2015\/07\/Captura-de-pantalla-2015-07-10-a-las-18.07.57.png","type":"","width":"","height":""}],"author":"administrador","twitter_card":"summary_large_image","twitter_misc":{"Escrito por":"administrador","Tiempo de lectura":"3 minutos"},"schema":{"@context":"https:\/\/schema.org","@graph":[{"@type":"Article","@id":"https:\/\/sereingeniera.ugr.es\/index.php\/2015\/07\/10\/clausura-campus-tecnologico-ugr-para-chicas\/#article","isPartOf":{"@id":"https:\/\/sereingeniera.ugr.es\/index.php\/2015\/07\/10\/clausura-campus-tecnologico-ugr-para-chicas\/"},"author":{"name":"administrador","@id":"https:\/\/sereingeniera.ugr.es\/#\/schema\/person\/f246eee15182460bff4e9c0b7904056e"},"headline":"Clausura Campus tecnol\u00f3gico UGR para chicas","datePublished":"2015-07-10T16:23:52+00:00","dateModified":"2015-07-13T07:36:55+00:00","mainEntityOfPage":{"@id":"https:\/\/sereingeniera.ugr.es\/index.php\/2015\/07\/10\/clausura-campus-tecnologico-ugr-para-chicas\/"},"wordCount":631,"image":{"@id":"https:\/\/sereingeniera.ugr.es\/index.php\/2015\/07\/10\/clausura-campus-tecnologico-ugr-para-chicas\/#primaryimage"},"thumbnailUrl":"http:\/\/sereingeniera.ugr.es\/wp-content\/uploads\/2015\/07\/Captura-de-pantalla-2015-07-10-a-las-18.07.57.png","inLanguage":"es"},{"@type":"WebPage","@id":"https:\/\/sereingeniera.ugr.es\/index.php\/2015\/07\/10\/clausura-campus-tecnologico-ugr-para-chicas\/","url":"https:\/\/sereingeniera.ugr.es\/index.php\/2015\/07\/10\/clausura-campus-tecnologico-ugr-para-chicas\/","name":"Clausura Campus tecnol\u00f3gico UGR para chicas - Ser\u00e9 Ingeniera","isPartOf":{"@id":"https:\/\/sereingeniera.ugr.es\/#website"},"primaryImageOfPage":{"@id":"https:\/\/sereingeniera.ugr.es\/index.php\/2015\/07\/10\/clausura-campus-tecnologico-ugr-para-chicas\/#primaryimage"},"image":{"@id":"https:\/\/sereingeniera.ugr.es\/index.php\/2015\/07\/10\/clausura-campus-tecnologico-ugr-para-chicas\/#primaryimage"},"thumbnailUrl":"http:\/\/sereingeniera.ugr.es\/wp-content\/uploads\/2015\/07\/Captura-de-pantalla-2015-07-10-a-las-18.07.57.png","datePublished":"2015-07-10T16:23:52+00:00","dateModified":"2015-07-13T07:36:55+00:00","author":{"@id":"https:\/\/sereingeniera.ugr.es\/#\/schema\/person\/f246eee15182460bff4e9c0b7904056e"},"breadcrumb":{"@id":"https:\/\/sereingeniera.ugr.es\/index.php\/2015\/07\/10\/clausura-campus-tecnologico-ugr-para-chicas\/#breadcrumb"},"inLanguage":"es","potentialAction":[{"@type":"ReadAction","target":["https:\/\/sereingeniera.ugr.es\/index.php\/2015\/07\/10\/clausura-campus-tecnologico-ugr-para-chicas\/"]}]},{"@type":"ImageObject","inLanguage":"es","@id":"https:\/\/sereingeniera.ugr.es\/index.php\/2015\/07\/10\/clausura-campus-tecnologico-ugr-para-chicas\/#primaryimage","url":"","contentUrl":""},{"@type":"BreadcrumbList","@id":"https:\/\/sereingeniera.ugr.es\/index.php\/2015\/07\/10\/clausura-campus-tecnologico-ugr-para-chicas\/#breadcrumb","itemListElement":[{"@type":"ListItem","position":1,"name":"Portada","item":"https:\/\/sereingeniera.ugr.es\/"},{"@type":"ListItem","position":2,"name":"Clausura Campus tecnol\u00f3gico UGR para chicas"}]},{"@type":"WebSite","@id":"https:\/\/sereingeniera.ugr.es\/#website","url":"https:\/\/sereingeniera.ugr.es\/","name":"Ser\u00e9 Ingeniera","description":"","potentialAction":[{"@type":"SearchAction","target":{"@type":"EntryPoint","urlTemplate":"https:\/\/sereingeniera.ugr.es\/?s={search_term_string}"},"query-input":{"@type":"PropertyValueSpecification","valueRequired":true,"valueName":"search_term_string"}}],"inLanguage":"es"},{"@type":"Person","@id":"https:\/\/sereingeniera.ugr.es\/#\/schema\/person\/f246eee15182460bff4e9c0b7904056e","name":"administrador","image":{"@type":"ImageObject","inLanguage":"es","@id":"https:\/\/secure.gravatar.com\/avatar\/e58fd5b46aa18820d3a032157d6346599f21e4be3404b00a1a075838b8e00d27?s=96&d=monsterid&r=g","url":"https:\/\/secure.gravatar.com\/avatar\/e58fd5b46aa18820d3a032157d6346599f21e4be3404b00a1a075838b8e00d27?s=96&d=monsterid&r=g","contentUrl":"https:\/\/secure.gravatar.com\/avatar\/e58fd5b46aa18820d3a032157d6346599f21e4be3404b00a1a075838b8e00d27?s=96&d=monsterid&r=g","caption":"administrador"},"url":"https:\/\/sereingeniera.ugr.es\/index.php\/author\/administrador\/"}]}},"_links":{"self":[{"href":"https:\/\/sereingeniera.ugr.es\/index.php\/wp-json\/wp\/v2\/posts\/350","targetHints":{"allow":["GET"]}}],"collection":[{"href":"https:\/\/sereingeniera.ugr.es\/index.php\/wp-json\/wp\/v2\/posts"}],"about":[{"href":"https:\/\/sereingeniera.ugr.es\/index.php\/wp-json\/wp\/v2\/types\/post"}],"author":[{"embeddable":true,"href":"https:\/\/sereingeniera.ugr.es\/index.php\/wp-json\/wp\/v2\/users\/1"}],"replies":[{"embeddable":true,"href":"https:\/\/sereingeniera.ugr.es\/index.php\/wp-json\/wp\/v2\/comments?post=350"}],"version-history":[{"count":5,"href":"https:\/\/sereingeniera.ugr.es\/index.php\/wp-json\/wp\/v2\/posts\/350\/revisions"}],"predecessor-version":[{"id":368,"href":"https:\/\/sereingeniera.ugr.es\/index.php\/wp-json\/wp\/v2\/posts\/350\/revisions\/368"}],"wp:attachment":[{"href":"https:\/\/sereingeniera.ugr.es\/index.php\/wp-json\/wp\/v2\/media?parent=350"}],"wp:term":[{"taxonomy":"category","embeddable":true,"href":"https:\/\/sereingeniera.ugr.es\/index.php\/wp-json\/wp\/v2\/categories?post=350"},{"taxonomy":"post_tag","embeddable":true,"href":"https:\/\/sereingeniera.ugr.es\/index.php\/wp-json\/wp\/v2\/tags?post=350"}],"curies":[{"name":"wp","href":"https:\/\/api.w.org\/{rel}","templated":true}]}}