{"id":3201,"date":"2022-04-18T08:00:00","date_gmt":"2022-04-18T07:00:00","guid":{"rendered":"https:\/\/sereingeniera.ugr.es\/?p=3201"},"modified":"2022-04-17T15:36:45","modified_gmt":"2022-04-17T14:36:45","slug":"preparando-la-ix-edicion-de-sere-ingeniera-2022","status":"publish","type":"post","link":"https:\/\/sereingeniera.ugr.es\/index.php\/2022\/04\/18\/preparando-la-ix-edicion-de-sere-ingeniera-2022\/","title":{"rendered":"Preparando la IX edici\u00f3n de Ser\u00e9 Ingeniera (2022)"},"content":{"rendered":"\n<p>Como ya adelantamos por redes sociales, desde la oficina de software libre, ya hemos comenzado con los preparativos para la que ser\u00e1 la<strong> <span style=\"color:#9100a3\" class=\"has-inline-color\">IX Edici\u00f3n del campus tecnol\u00f3gico para chicas: Ser\u00e9 Ingeniera.<\/span><\/strong><\/p>\n\n\n\n<p>En esta edici\u00f3n tenemos <strong><span style=\"color:#9100a3\" class=\"has-inline-color\">novedades <\/span><\/strong>respecto a las dos \u00faltimas en las que la pandemia nos oblig\u00f3 a cambiar el formato del campus a una versi\u00f3n online.  En efecto,<span style=\"color:#9100a3\" class=\"has-inline-color\"><strong> \u00a1este a\u00f1o volvemos a tener campus presencial!<\/strong> <\/span><\/p>\n\n\n\n<p>Habr\u00e1 dos sedes, una en Granada en la<span style=\"color:#9100a3\" class=\"has-inline-color\"><a href=\"http:\/\/etsiit.ugr.es\"> Escuela T\u00e9cnica Superior de Ingenier\u00edas Inform\u00e1tica y Telecomunicaci\u00f3n<\/a><\/span> y la otra sede ser\u00e1 en la<span style=\"color:#9100a3\" class=\"has-inline-color\"> <a href=\"https:\/\/feetce.ugr.es\/\">Facultad de Educaci\u00f3n, Econom\u00eda y Tecnolog\u00eda de Ceuta<\/a><\/span> ambas sedes pertenecientes a la<a href=\"http:\/\/ugr.es\"> Universidad de Granada.<\/a><\/p>\n\n\n\n<figure class=\"wp-block-video\"><video controls src=\"https:\/\/sereingeniera.ugr.es\/wp-content\/uploads\/IMG_7212.mp4\"><\/video><\/figure>\n\n\n\n<p>Otra de las <strong><span style=\"color:#9100a3\" class=\"has-inline-color\">novedades <\/span><\/strong>que tenemos en esta edici\u00f3n es la incorporaci\u00f3n de una monitora nueva en el campus de Granada, que os presentaremos m\u00e1s adelante. Y por supuesto, en esta edici\u00f3n <strong><span style=\"color:#9100a3\" class=\"has-inline-color\">no habr\u00e1 un \u00fanico proyecto,<\/span><\/strong> sino que las chicas podr\u00e1n elegir que proyecto realizar\u00e1n ya que nuestras monitoras est\u00e1n preparando<strong> <span style=\"color:#9100a3\" class=\"has-inline-color\">diferentes proyectos<\/span><\/strong>. Aun no queremos adelantar mucho relacionado con los proyectos porque<span style=\"color:#9100a3\" class=\"has-inline-color\"> <strong>nuestras monitoras est\u00e1n trabajando en ellos<\/strong>.<\/span> Pero os aseguramos que <strong><span style=\"color:#9100a3\" class=\"has-inline-color\">os van a encantar y no vais a saber cual elegir.<\/span><\/strong><\/p>\n\n\n\n<p>La<strong> <span style=\"color:#9100a3\" class=\"has-inline-color\">fecha de realizaci\u00f3n del campus<\/span><\/strong> es del<strong> <span style=\"color:#9100a3\" class=\"has-inline-color\">4 al 15 de julio<\/span><\/strong> en<a href=\"https:\/\/sereingeniera.ugr.es\/index.php\/como-puedo-participar-2\"> <\/a><strong><a href=\"https:\/\/sereingeniera.ugr.es\/index.php\/como-puedo-participar-2\">este enlace <\/a><\/strong>puedes<strong><span style=\"color:#9100a3\" class=\"has-inline-color\"> ver <\/span><\/strong>el resto de<strong><span style=\"color:#9100a3\" class=\"has-inline-color\"> fechas importantes<\/span><\/strong> como la de <strong><span style=\"color:#9100a3\" class=\"has-inline-color\">cuando realizar la solicitud<\/span><\/strong> y quienes pueden participar en el campus. \u00bfTe animas  a pasar unos d\u00edas super entretenidos con un mont\u00f3n de chicas con intereses parecidos a los tuyos?<\/p>\n\n\n\n<figure class=\"wp-block-image size-large\"><img loading=\"lazy\" decoding=\"async\" width=\"1024\" height=\"768\" src=\"https:\/\/sereingeniera.ugr.es\/wp-content\/uploads\/photo6012362750614943492-1024x768.jpg\" alt=\"\" class=\"wp-image-3203\" srcset=\"https:\/\/sereingeniera.ugr.es\/wp-content\/uploads\/photo6012362750614943492-1024x768.jpg 1024w, https:\/\/sereingeniera.ugr.es\/wp-content\/uploads\/photo6012362750614943492-300x225.jpg 300w, https:\/\/sereingeniera.ugr.es\/wp-content\/uploads\/photo6012362750614943492-768x576.jpg 768w, https:\/\/sereingeniera.ugr.es\/wp-content\/uploads\/photo6012362750614943492.jpg 1280w\" sizes=\"auto, (max-width: 1024px) 100vw, 1024px\" \/><\/figure>\n\n\n\n<p><strong><span style=\"color:#9100a3\" class=\"has-inline-color\">Actualmente estamos buscando patrocinio<\/span><\/strong>, ya que igual que las VIII ediciones anteriores, queremos que el campus siga siendo gratuito para las chicas que participan en el. Las condiciones para patrocinar el campus y los beneficios que ofrecemos a los patrocinadores est\u00e1n <span class=\"has-inline-color has-red-color\"><strong><a href=\"https:\/\/sereingeniera.ugr.es\/index.php\/patrocinadores-2022\/\">aqu\u00ed<\/a>.<\/strong><\/span><\/p>\n","protected":false},"excerpt":{"rendered":"<p>Como ya adelantamos por redes sociales, desde la oficina de software libre, ya hemos comenzado con los preparativos para la que ser\u00e1 la IX Edici\u00f3n del campus tecnol\u00f3gico para chicas: Ser\u00e9 Ingeniera. En esta edici\u00f3n tenemos novedades respecto a las dos \u00faltimas en las que la pandemia nos oblig\u00f3 a cambiar el formato del campus &hellip; <a href=\"https:\/\/sereingeniera.ugr.es\/index.php\/2022\/04\/18\/preparando-la-ix-edicion-de-sere-ingeniera-2022\/\" class=\"more-link\">Seguir leyendo <span class=\"screen-reader-text\">Preparando la IX edici\u00f3n de Ser\u00e9 Ingeniera (2022)<\/span> <span class=\"meta-nav\">&rarr;<\/span><\/a><\/p>\n","protected":false},"author":9,"featured_media":0,"comment_status":"open","ping_status":"open","sticky":false,"template":"","format":"standard","meta":{"footnotes":"","_links_to":"","_links_to_target":""},"categories":[256],"tags":[202,170,176,255,240],"class_list":["post-3201","post","type-post","status-publish","format-standard","hentry","category-sereingeniera-2022","tag-campus-tecnologico-para-chicas","tag-ceuta","tag-chicas-en-ingenieria","tag-sereingeniera2022","tag-universidad-de-granada"],"yoast_head":"<!-- This site is optimized with the Yoast SEO plugin v27.5 - https:\/\/yoast.com\/product\/yoast-seo-wordpress\/ -->\n<title>Preparando la IX edici\u00f3n de Ser\u00e9 Ingeniera (2022) - Ser\u00e9 Ingeniera<\/title>\n<meta name=\"robots\" content=\"index, follow, max-snippet:-1, max-image-preview:large, max-video-preview:-1\" \/>\n<link rel=\"canonical\" href=\"https:\/\/sereingeniera.ugr.es\/index.php\/2022\/04\/18\/preparando-la-ix-edicion-de-sere-ingeniera-2022\/\" \/>\n<meta property=\"og:locale\" content=\"es_ES\" \/>\n<meta property=\"og:type\" content=\"article\" \/>\n<meta property=\"og:title\" content=\"Preparando la IX edici\u00f3n de Ser\u00e9 Ingeniera (2022) - Ser\u00e9 Ingeniera\" \/>\n<meta property=\"og:description\" content=\"Como ya adelantamos por redes sociales, desde la oficina de software libre, ya hemos comenzado con los preparativos para la que ser\u00e1 la IX Edici\u00f3n del campus tecnol\u00f3gico para chicas: Ser\u00e9 Ingeniera. En esta edici\u00f3n tenemos novedades respecto a las dos \u00faltimas en las que la pandemia nos oblig\u00f3 a cambiar el formato del campus &hellip; Seguir leyendo Preparando la IX edici\u00f3n de Ser\u00e9 Ingeniera (2022) &rarr;\" \/>\n<meta property=\"og:url\" content=\"https:\/\/sereingeniera.ugr.es\/index.php\/2022\/04\/18\/preparando-la-ix-edicion-de-sere-ingeniera-2022\/\" \/>\n<meta property=\"og:site_name\" content=\"Ser\u00e9 Ingeniera\" \/>\n<meta property=\"article:published_time\" content=\"2022-04-18T07:00:00+00:00\" \/>\n<meta property=\"og:image\" content=\"https:\/\/sereingeniera.ugr.es\/wp-content\/uploads\/photo6012362750614943492-1024x768.jpg\" \/>\n<meta name=\"author\" content=\"Elvira Castillo\" \/>\n<meta name=\"twitter:card\" content=\"summary_large_image\" \/>\n<meta name=\"twitter:label1\" content=\"Escrito por\" \/>\n\t<meta name=\"twitter:data1\" content=\"Elvira Castillo\" \/>\n\t<meta name=\"twitter:label2\" content=\"Tiempo de lectura\" \/>\n\t<meta name=\"twitter:data2\" content=\"2 minutos\" \/>\n<script type=\"application\/ld+json\" class=\"yoast-schema-graph\">{\"@context\":\"https:\\\/\\\/schema.org\",\"@graph\":[{\"@type\":\"Article\",\"@id\":\"https:\\\/\\\/sereingeniera.ugr.es\\\/index.php\\\/2022\\\/04\\\/18\\\/preparando-la-ix-edicion-de-sere-ingeniera-2022\\\/#article\",\"isPartOf\":{\"@id\":\"https:\\\/\\\/sereingeniera.ugr.es\\\/index.php\\\/2022\\\/04\\\/18\\\/preparando-la-ix-edicion-de-sere-ingeniera-2022\\\/\"},\"author\":{\"name\":\"Elvira Castillo\",\"@id\":\"https:\\\/\\\/sereingeniera.ugr.es\\\/#\\\/schema\\\/person\\\/e642dc501d8472076090b2de23926846\"},\"headline\":\"Preparando la IX edici\u00f3n de Ser\u00e9 Ingeniera (2022)\",\"datePublished\":\"2022-04-18T07:00:00+00:00\",\"mainEntityOfPage\":{\"@id\":\"https:\\\/\\\/sereingeniera.ugr.es\\\/index.php\\\/2022\\\/04\\\/18\\\/preparando-la-ix-edicion-de-sere-ingeniera-2022\\\/\"},\"wordCount\":320,\"commentCount\":0,\"image\":{\"@id\":\"https:\\\/\\\/sereingeniera.ugr.es\\\/index.php\\\/2022\\\/04\\\/18\\\/preparando-la-ix-edicion-de-sere-ingeniera-2022\\\/#primaryimage\"},\"thumbnailUrl\":\"https:\\\/\\\/sereingeniera.ugr.es\\\/wp-content\\\/uploads\\\/photo6012362750614943492-1024x768.jpg\",\"keywords\":[\"Campus Tecnol\u00f3gico para Chicas\",\"Ceuta\",\"Chicas en Ingenier\u00eda\",\"sereingeniera2022\",\"Universidad de Granada\"],\"articleSection\":[\"SereIngeniera 2022\"],\"inLanguage\":\"es\",\"potentialAction\":[{\"@type\":\"CommentAction\",\"name\":\"Comment\",\"target\":[\"https:\\\/\\\/sereingeniera.ugr.es\\\/index.php\\\/2022\\\/04\\\/18\\\/preparando-la-ix-edicion-de-sere-ingeniera-2022\\\/#respond\"]}]},{\"@type\":\"WebPage\",\"@id\":\"https:\\\/\\\/sereingeniera.ugr.es\\\/index.php\\\/2022\\\/04\\\/18\\\/preparando-la-ix-edicion-de-sere-ingeniera-2022\\\/\",\"url\":\"https:\\\/\\\/sereingeniera.ugr.es\\\/index.php\\\/2022\\\/04\\\/18\\\/preparando-la-ix-edicion-de-sere-ingeniera-2022\\\/\",\"name\":\"Preparando la IX edici\u00f3n de Ser\u00e9 Ingeniera (2022) - Ser\u00e9 Ingeniera\",\"isPartOf\":{\"@id\":\"https:\\\/\\\/sereingeniera.ugr.es\\\/#website\"},\"primaryImageOfPage\":{\"@id\":\"https:\\\/\\\/sereingeniera.ugr.es\\\/index.php\\\/2022\\\/04\\\/18\\\/preparando-la-ix-edicion-de-sere-ingeniera-2022\\\/#primaryimage\"},\"image\":{\"@id\":\"https:\\\/\\\/sereingeniera.ugr.es\\\/index.php\\\/2022\\\/04\\\/18\\\/preparando-la-ix-edicion-de-sere-ingeniera-2022\\\/#primaryimage\"},\"thumbnailUrl\":\"https:\\\/\\\/sereingeniera.ugr.es\\\/wp-content\\\/uploads\\\/photo6012362750614943492-1024x768.jpg\",\"datePublished\":\"2022-04-18T07:00:00+00:00\",\"author\":{\"@id\":\"https:\\\/\\\/sereingeniera.ugr.es\\\/#\\\/schema\\\/person\\\/e642dc501d8472076090b2de23926846\"},\"breadcrumb\":{\"@id\":\"https:\\\/\\\/sereingeniera.ugr.es\\\/index.php\\\/2022\\\/04\\\/18\\\/preparando-la-ix-edicion-de-sere-ingeniera-2022\\\/#breadcrumb\"},\"inLanguage\":\"es\",\"potentialAction\":[{\"@type\":\"ReadAction\",\"target\":[\"https:\\\/\\\/sereingeniera.ugr.es\\\/index.php\\\/2022\\\/04\\\/18\\\/preparando-la-ix-edicion-de-sere-ingeniera-2022\\\/\"]}]},{\"@type\":\"ImageObject\",\"inLanguage\":\"es\",\"@id\":\"https:\\\/\\\/sereingeniera.ugr.es\\\/index.php\\\/2022\\\/04\\\/18\\\/preparando-la-ix-edicion-de-sere-ingeniera-2022\\\/#primaryimage\",\"url\":\"https:\\\/\\\/sereingeniera.ugr.es\\\/wp-content\\\/uploads\\\/photo6012362750614943492.jpg\",\"contentUrl\":\"https:\\\/\\\/sereingeniera.ugr.es\\\/wp-content\\\/uploads\\\/photo6012362750614943492.jpg\",\"width\":1280,\"height\":960},{\"@type\":\"BreadcrumbList\",\"@id\":\"https:\\\/\\\/sereingeniera.ugr.es\\\/index.php\\\/2022\\\/04\\\/18\\\/preparando-la-ix-edicion-de-sere-ingeniera-2022\\\/#breadcrumb\",\"itemListElement\":[{\"@type\":\"ListItem\",\"position\":1,\"name\":\"Portada\",\"item\":\"https:\\\/\\\/sereingeniera.ugr.es\\\/\"},{\"@type\":\"ListItem\",\"position\":2,\"name\":\"Preparando la IX edici\u00f3n de Ser\u00e9 Ingeniera (2022)\"}]},{\"@type\":\"WebSite\",\"@id\":\"https:\\\/\\\/sereingeniera.ugr.es\\\/#website\",\"url\":\"https:\\\/\\\/sereingeniera.ugr.es\\\/\",\"name\":\"Ser\u00e9 Ingeniera\",\"description\":\"\",\"potentialAction\":[{\"@type\":\"SearchAction\",\"target\":{\"@type\":\"EntryPoint\",\"urlTemplate\":\"https:\\\/\\\/sereingeniera.ugr.es\\\/?s={search_term_string}\"},\"query-input\":{\"@type\":\"PropertyValueSpecification\",\"valueRequired\":true,\"valueName\":\"search_term_string\"}}],\"inLanguage\":\"es\"},{\"@type\":\"Person\",\"@id\":\"https:\\\/\\\/sereingeniera.ugr.es\\\/#\\\/schema\\\/person\\\/e642dc501d8472076090b2de23926846\",\"name\":\"Elvira Castillo\",\"image\":{\"@type\":\"ImageObject\",\"inLanguage\":\"es\",\"@id\":\"https:\\\/\\\/secure.gravatar.com\\\/avatar\\\/9174915daf6f60047cf21ae0bd688bf6ca4c0056cb27f3cb63b3339a3738f5fb?s=96&d=monsterid&r=g\",\"url\":\"https:\\\/\\\/secure.gravatar.com\\\/avatar\\\/9174915daf6f60047cf21ae0bd688bf6ca4c0056cb27f3cb63b3339a3738f5fb?s=96&d=monsterid&r=g\",\"contentUrl\":\"https:\\\/\\\/secure.gravatar.com\\\/avatar\\\/9174915daf6f60047cf21ae0bd688bf6ca4c0056cb27f3cb63b3339a3738f5fb?s=96&d=monsterid&r=g\",\"caption\":\"Elvira Castillo\"},\"url\":\"https:\\\/\\\/sereingeniera.ugr.es\\\/index.php\\\/author\\\/elvira\\\/\"}]}<\/script>\n<!-- \/ Yoast SEO plugin. -->","yoast_head_json":{"title":"Preparando la IX edici\u00f3n de Ser\u00e9 Ingeniera (2022) - Ser\u00e9 Ingeniera","robots":{"index":"index","follow":"follow","max-snippet":"max-snippet:-1","max-image-preview":"max-image-preview:large","max-video-preview":"max-video-preview:-1"},"canonical":"https:\/\/sereingeniera.ugr.es\/index.php\/2022\/04\/18\/preparando-la-ix-edicion-de-sere-ingeniera-2022\/","og_locale":"es_ES","og_type":"article","og_title":"Preparando la IX edici\u00f3n de Ser\u00e9 Ingeniera (2022) - Ser\u00e9 Ingeniera","og_description":"Como ya adelantamos por redes sociales, desde la oficina de software libre, ya hemos comenzado con los preparativos para la que ser\u00e1 la IX Edici\u00f3n del campus tecnol\u00f3gico para chicas: Ser\u00e9 Ingeniera. En esta edici\u00f3n tenemos novedades respecto a las dos \u00faltimas en las que la pandemia nos oblig\u00f3 a cambiar el formato del campus &hellip; Seguir leyendo Preparando la IX edici\u00f3n de Ser\u00e9 Ingeniera (2022) &rarr;","og_url":"https:\/\/sereingeniera.ugr.es\/index.php\/2022\/04\/18\/preparando-la-ix-edicion-de-sere-ingeniera-2022\/","og_site_name":"Ser\u00e9 Ingeniera","article_published_time":"2022-04-18T07:00:00+00:00","og_image":[{"url":"https:\/\/sereingeniera.ugr.es\/wp-content\/uploads\/photo6012362750614943492-1024x768.jpg","type":"","width":"","height":""}],"author":"Elvira Castillo","twitter_card":"summary_large_image","twitter_misc":{"Escrito por":"Elvira Castillo","Tiempo de lectura":"2 minutos"},"schema":{"@context":"https:\/\/schema.org","@graph":[{"@type":"Article","@id":"https:\/\/sereingeniera.ugr.es\/index.php\/2022\/04\/18\/preparando-la-ix-edicion-de-sere-ingeniera-2022\/#article","isPartOf":{"@id":"https:\/\/sereingeniera.ugr.es\/index.php\/2022\/04\/18\/preparando-la-ix-edicion-de-sere-ingeniera-2022\/"},"author":{"name":"Elvira Castillo","@id":"https:\/\/sereingeniera.ugr.es\/#\/schema\/person\/e642dc501d8472076090b2de23926846"},"headline":"Preparando la IX edici\u00f3n de Ser\u00e9 Ingeniera (2022)","datePublished":"2022-04-18T07:00:00+00:00","mainEntityOfPage":{"@id":"https:\/\/sereingeniera.ugr.es\/index.php\/2022\/04\/18\/preparando-la-ix-edicion-de-sere-ingeniera-2022\/"},"wordCount":320,"commentCount":0,"image":{"@id":"https:\/\/sereingeniera.ugr.es\/index.php\/2022\/04\/18\/preparando-la-ix-edicion-de-sere-ingeniera-2022\/#primaryimage"},"thumbnailUrl":"https:\/\/sereingeniera.ugr.es\/wp-content\/uploads\/photo6012362750614943492-1024x768.jpg","keywords":["Campus Tecnol\u00f3gico para Chicas","Ceuta","Chicas en Ingenier\u00eda","sereingeniera2022","Universidad de Granada"],"articleSection":["SereIngeniera 2022"],"inLanguage":"es","potentialAction":[{"@type":"CommentAction","name":"Comment","target":["https:\/\/sereingeniera.ugr.es\/index.php\/2022\/04\/18\/preparando-la-ix-edicion-de-sere-ingeniera-2022\/#respond"]}]},{"@type":"WebPage","@id":"https:\/\/sereingeniera.ugr.es\/index.php\/2022\/04\/18\/preparando-la-ix-edicion-de-sere-ingeniera-2022\/","url":"https:\/\/sereingeniera.ugr.es\/index.php\/2022\/04\/18\/preparando-la-ix-edicion-de-sere-ingeniera-2022\/","name":"Preparando la IX edici\u00f3n de Ser\u00e9 Ingeniera (2022) - Ser\u00e9 Ingeniera","isPartOf":{"@id":"https:\/\/sereingeniera.ugr.es\/#website"},"primaryImageOfPage":{"@id":"https:\/\/sereingeniera.ugr.es\/index.php\/2022\/04\/18\/preparando-la-ix-edicion-de-sere-ingeniera-2022\/#primaryimage"},"image":{"@id":"https:\/\/sereingeniera.ugr.es\/index.php\/2022\/04\/18\/preparando-la-ix-edicion-de-sere-ingeniera-2022\/#primaryimage"},"thumbnailUrl":"https:\/\/sereingeniera.ugr.es\/wp-content\/uploads\/photo6012362750614943492-1024x768.jpg","datePublished":"2022-04-18T07:00:00+00:00","author":{"@id":"https:\/\/sereingeniera.ugr.es\/#\/schema\/person\/e642dc501d8472076090b2de23926846"},"breadcrumb":{"@id":"https:\/\/sereingeniera.ugr.es\/index.php\/2022\/04\/18\/preparando-la-ix-edicion-de-sere-ingeniera-2022\/#breadcrumb"},"inLanguage":"es","potentialAction":[{"@type":"ReadAction","target":["https:\/\/sereingeniera.ugr.es\/index.php\/2022\/04\/18\/preparando-la-ix-edicion-de-sere-ingeniera-2022\/"]}]},{"@type":"ImageObject","inLanguage":"es","@id":"https:\/\/sereingeniera.ugr.es\/index.php\/2022\/04\/18\/preparando-la-ix-edicion-de-sere-ingeniera-2022\/#primaryimage","url":"https:\/\/sereingeniera.ugr.es\/wp-content\/uploads\/photo6012362750614943492.jpg","contentUrl":"https:\/\/sereingeniera.ugr.es\/wp-content\/uploads\/photo6012362750614943492.jpg","width":1280,"height":960},{"@type":"BreadcrumbList","@id":"https:\/\/sereingeniera.ugr.es\/index.php\/2022\/04\/18\/preparando-la-ix-edicion-de-sere-ingeniera-2022\/#breadcrumb","itemListElement":[{"@type":"ListItem","position":1,"name":"Portada","item":"https:\/\/sereingeniera.ugr.es\/"},{"@type":"ListItem","position":2,"name":"Preparando la IX edici\u00f3n de Ser\u00e9 Ingeniera (2022)"}]},{"@type":"WebSite","@id":"https:\/\/sereingeniera.ugr.es\/#website","url":"https:\/\/sereingeniera.ugr.es\/","name":"Ser\u00e9 Ingeniera","description":"","potentialAction":[{"@type":"SearchAction","target":{"@type":"EntryPoint","urlTemplate":"https:\/\/sereingeniera.ugr.es\/?s={search_term_string}"},"query-input":{"@type":"PropertyValueSpecification","valueRequired":true,"valueName":"search_term_string"}}],"inLanguage":"es"},{"@type":"Person","@id":"https:\/\/sereingeniera.ugr.es\/#\/schema\/person\/e642dc501d8472076090b2de23926846","name":"Elvira Castillo","image":{"@type":"ImageObject","inLanguage":"es","@id":"https:\/\/secure.gravatar.com\/avatar\/9174915daf6f60047cf21ae0bd688bf6ca4c0056cb27f3cb63b3339a3738f5fb?s=96&d=monsterid&r=g","url":"https:\/\/secure.gravatar.com\/avatar\/9174915daf6f60047cf21ae0bd688bf6ca4c0056cb27f3cb63b3339a3738f5fb?s=96&d=monsterid&r=g","contentUrl":"https:\/\/secure.gravatar.com\/avatar\/9174915daf6f60047cf21ae0bd688bf6ca4c0056cb27f3cb63b3339a3738f5fb?s=96&d=monsterid&r=g","caption":"Elvira Castillo"},"url":"https:\/\/sereingeniera.ugr.es\/index.php\/author\/elvira\/"}]}},"_links":{"self":[{"href":"https:\/\/sereingeniera.ugr.es\/index.php\/wp-json\/wp\/v2\/posts\/3201","targetHints":{"allow":["GET"]}}],"collection":[{"href":"https:\/\/sereingeniera.ugr.es\/index.php\/wp-json\/wp\/v2\/posts"}],"about":[{"href":"https:\/\/sereingeniera.ugr.es\/index.php\/wp-json\/wp\/v2\/types\/post"}],"author":[{"embeddable":true,"href":"https:\/\/sereingeniera.ugr.es\/index.php\/wp-json\/wp\/v2\/users\/9"}],"replies":[{"embeddable":true,"href":"https:\/\/sereingeniera.ugr.es\/index.php\/wp-json\/wp\/v2\/comments?post=3201"}],"version-history":[{"count":3,"href":"https:\/\/sereingeniera.ugr.es\/index.php\/wp-json\/wp\/v2\/posts\/3201\/revisions"}],"predecessor-version":[{"id":3206,"href":"https:\/\/sereingeniera.ugr.es\/index.php\/wp-json\/wp\/v2\/posts\/3201\/revisions\/3206"}],"wp:attachment":[{"href":"https:\/\/sereingeniera.ugr.es\/index.php\/wp-json\/wp\/v2\/media?parent=3201"}],"wp:term":[{"taxonomy":"category","embeddable":true,"href":"https:\/\/sereingeniera.ugr.es\/index.php\/wp-json\/wp\/v2\/categories?post=3201"},{"taxonomy":"post_tag","embeddable":true,"href":"https:\/\/sereingeniera.ugr.es\/index.php\/wp-json\/wp\/v2\/tags?post=3201"}],"curies":[{"name":"wp","href":"https:\/\/api.w.org\/{rel}","templated":true}]}}