{"id":3026,"date":"2021-07-12T07:50:00","date_gmt":"2021-07-12T06:50:00","guid":{"rendered":"https:\/\/sereingeniera.ugr.es\/?p=3026"},"modified":"2021-07-09T20:09:03","modified_gmt":"2021-07-09T19:09:03","slug":"12-de-julio-dia-7-apagafuegos","status":"publish","type":"post","link":"https:\/\/sereingeniera.ugr.es\/index.php\/2021\/07\/12\/12-de-julio-dia-7-apagafuegos\/","title":{"rendered":"12 de julio (D\u00eda 7): Apagafuegos"},"content":{"rendered":"\n<p>Quienes nos dedicamos al desarrollo de <strong>proyectos electr\u00f3nicos con aplicaciones inform\u00e1ticas<\/strong> sabemos que nuestras creaciones siempre tienen <strong>p\u00e1nico esc\u00e9nico<\/strong>. Esto ocurre cuando el proyecto funciona correctamente pero cuando se lo ense\u00f1as a alguien, al proyecto le entra una mezcla de miedo y verg\u00fcenza que hace que no funcione correctamente delante del p\u00fablico.<\/p>\n\n\n\n<p>Por este motivo, siempre dejamos este \u00faltimo d\u00eda para arreglar esos <strong>fallos de \u00faltima hora<\/strong> que han surgido una vez nuestro proyecto se ha terminado y se lo hemos ense\u00f1ado a nuestros amigos.&nbsp; Hoy vamos a reparar lo que nos quede y prepararnos para la <strong>exposici\u00f3n<\/strong> que tendr\u00e1 lugar&#8230;<strong>\u00a1\u00a1Ma\u00f1ana!!<\/strong><\/p>\n","protected":false},"excerpt":{"rendered":"<p>Quienes nos dedicamos al desarrollo de proyectos electr\u00f3nicos con aplicaciones inform\u00e1ticas sabemos que nuestras creaciones siempre tienen p\u00e1nico esc\u00e9nico. Esto ocurre cuando el proyecto funciona correctamente pero cuando se lo ense\u00f1as a alguien, al proyecto le entra una mezcla de miedo y verg\u00fcenza que hace que no funcione correctamente delante del p\u00fablico. Por este motivo, &hellip; <a href=\"https:\/\/sereingeniera.ugr.es\/index.php\/2021\/07\/12\/12-de-julio-dia-7-apagafuegos\/\" class=\"more-link\">Seguir leyendo <span class=\"screen-reader-text\">12 de julio (D\u00eda 7): Apagafuegos<\/span> <span class=\"meta-nav\">&rarr;<\/span><\/a><\/p>\n","protected":false},"author":26,"featured_media":0,"comment_status":"open","ping_status":"open","sticky":false,"template":"","format":"standard","meta":{"footnotes":"","_links_to":"","_links_to_target":""},"categories":[1],"tags":[],"class_list":["post-3026","post","type-post","status-publish","format-standard","hentry","category-general"],"yoast_head":"<!-- This site is optimized with the Yoast SEO plugin v27.5 - https:\/\/yoast.com\/product\/yoast-seo-wordpress\/ -->\n<title>12 de julio (D\u00eda 7): Apagafuegos - Ser\u00e9 Ingeniera<\/title>\n<meta name=\"robots\" content=\"index, follow, max-snippet:-1, max-image-preview:large, max-video-preview:-1\" \/>\n<link rel=\"canonical\" href=\"https:\/\/sereingeniera.ugr.es\/index.php\/2021\/07\/12\/12-de-julio-dia-7-apagafuegos\/\" \/>\n<meta property=\"og:locale\" content=\"es_ES\" \/>\n<meta property=\"og:type\" content=\"article\" \/>\n<meta property=\"og:title\" content=\"12 de julio (D\u00eda 7): Apagafuegos - Ser\u00e9 Ingeniera\" \/>\n<meta property=\"og:description\" content=\"Quienes nos dedicamos al desarrollo de proyectos electr\u00f3nicos con aplicaciones inform\u00e1ticas sabemos que nuestras creaciones siempre tienen p\u00e1nico esc\u00e9nico. Esto ocurre cuando el proyecto funciona correctamente pero cuando se lo ense\u00f1as a alguien, al proyecto le entra una mezcla de miedo y verg\u00fcenza que hace que no funcione correctamente delante del p\u00fablico. Por este motivo, &hellip; Seguir leyendo 12 de julio (D\u00eda 7): Apagafuegos &rarr;\" \/>\n<meta property=\"og:url\" content=\"https:\/\/sereingeniera.ugr.es\/index.php\/2021\/07\/12\/12-de-julio-dia-7-apagafuegos\/\" \/>\n<meta property=\"og:site_name\" content=\"Ser\u00e9 Ingeniera\" \/>\n<meta property=\"article:published_time\" content=\"2021-07-12T06:50:00+00:00\" \/>\n<meta name=\"author\" content=\"Carmen, \u00c1ngela, Elvira, Irene, M\u00aa Jes\u00fas, Elena y Oumnia\" \/>\n<meta name=\"twitter:card\" content=\"summary_large_image\" \/>\n<meta name=\"twitter:label1\" content=\"Escrito por\" \/>\n\t<meta name=\"twitter:data1\" content=\"Carmen, \u00c1ngela, Elvira, Irene, M\u00aa Jes\u00fas, Elena y Oumnia\" \/>\n\t<meta name=\"twitter:label2\" content=\"Tiempo de lectura\" \/>\n\t<meta name=\"twitter:data2\" content=\"1 minuto\" \/>\n<script type=\"application\/ld+json\" class=\"yoast-schema-graph\">{\"@context\":\"https:\\\/\\\/schema.org\",\"@graph\":[{\"@type\":\"Article\",\"@id\":\"https:\\\/\\\/sereingeniera.ugr.es\\\/index.php\\\/2021\\\/07\\\/12\\\/12-de-julio-dia-7-apagafuegos\\\/#article\",\"isPartOf\":{\"@id\":\"https:\\\/\\\/sereingeniera.ugr.es\\\/index.php\\\/2021\\\/07\\\/12\\\/12-de-julio-dia-7-apagafuegos\\\/\"},\"author\":{\"name\":\"Carmen, \u00c1ngela, Elvira, Irene, M\u00aa Jes\u00fas, Elena y Oumnia\",\"@id\":\"https:\\\/\\\/sereingeniera.ugr.es\\\/#\\\/schema\\\/person\\\/32192c7a96b22e775ec91313381a84a0\"},\"headline\":\"12 de julio (D\u00eda 7): Apagafuegos\",\"datePublished\":\"2021-07-12T06:50:00+00:00\",\"mainEntityOfPage\":{\"@id\":\"https:\\\/\\\/sereingeniera.ugr.es\\\/index.php\\\/2021\\\/07\\\/12\\\/12-de-julio-dia-7-apagafuegos\\\/\"},\"wordCount\":119,\"commentCount\":0,\"articleSection\":[\"General\"],\"inLanguage\":\"es\",\"potentialAction\":[{\"@type\":\"CommentAction\",\"name\":\"Comment\",\"target\":[\"https:\\\/\\\/sereingeniera.ugr.es\\\/index.php\\\/2021\\\/07\\\/12\\\/12-de-julio-dia-7-apagafuegos\\\/#respond\"]}]},{\"@type\":\"WebPage\",\"@id\":\"https:\\\/\\\/sereingeniera.ugr.es\\\/index.php\\\/2021\\\/07\\\/12\\\/12-de-julio-dia-7-apagafuegos\\\/\",\"url\":\"https:\\\/\\\/sereingeniera.ugr.es\\\/index.php\\\/2021\\\/07\\\/12\\\/12-de-julio-dia-7-apagafuegos\\\/\",\"name\":\"12 de julio (D\u00eda 7): Apagafuegos - Ser\u00e9 Ingeniera\",\"isPartOf\":{\"@id\":\"https:\\\/\\\/sereingeniera.ugr.es\\\/#website\"},\"datePublished\":\"2021-07-12T06:50:00+00:00\",\"author\":{\"@id\":\"https:\\\/\\\/sereingeniera.ugr.es\\\/#\\\/schema\\\/person\\\/32192c7a96b22e775ec91313381a84a0\"},\"breadcrumb\":{\"@id\":\"https:\\\/\\\/sereingeniera.ugr.es\\\/index.php\\\/2021\\\/07\\\/12\\\/12-de-julio-dia-7-apagafuegos\\\/#breadcrumb\"},\"inLanguage\":\"es\",\"potentialAction\":[{\"@type\":\"ReadAction\",\"target\":[\"https:\\\/\\\/sereingeniera.ugr.es\\\/index.php\\\/2021\\\/07\\\/12\\\/12-de-julio-dia-7-apagafuegos\\\/\"]}]},{\"@type\":\"BreadcrumbList\",\"@id\":\"https:\\\/\\\/sereingeniera.ugr.es\\\/index.php\\\/2021\\\/07\\\/12\\\/12-de-julio-dia-7-apagafuegos\\\/#breadcrumb\",\"itemListElement\":[{\"@type\":\"ListItem\",\"position\":1,\"name\":\"Portada\",\"item\":\"https:\\\/\\\/sereingeniera.ugr.es\\\/\"},{\"@type\":\"ListItem\",\"position\":2,\"name\":\"12 de julio (D\u00eda 7): Apagafuegos\"}]},{\"@type\":\"WebSite\",\"@id\":\"https:\\\/\\\/sereingeniera.ugr.es\\\/#website\",\"url\":\"https:\\\/\\\/sereingeniera.ugr.es\\\/\",\"name\":\"Ser\u00e9 Ingeniera\",\"description\":\"\",\"potentialAction\":[{\"@type\":\"SearchAction\",\"target\":{\"@type\":\"EntryPoint\",\"urlTemplate\":\"https:\\\/\\\/sereingeniera.ugr.es\\\/?s={search_term_string}\"},\"query-input\":{\"@type\":\"PropertyValueSpecification\",\"valueRequired\":true,\"valueName\":\"search_term_string\"}}],\"inLanguage\":\"es\"},{\"@type\":\"Person\",\"@id\":\"https:\\\/\\\/sereingeniera.ugr.es\\\/#\\\/schema\\\/person\\\/32192c7a96b22e775ec91313381a84a0\",\"name\":\"Carmen, \u00c1ngela, Elvira, Irene, M\u00aa Jes\u00fas, Elena y Oumnia\",\"image\":{\"@type\":\"ImageObject\",\"inLanguage\":\"es\",\"@id\":\"https:\\\/\\\/secure.gravatar.com\\\/avatar\\\/af6fa422abe07b771b808ac638fb629435e9e5aa98790ae819418c2b4c028325?s=96&d=monsterid&r=g\",\"url\":\"https:\\\/\\\/secure.gravatar.com\\\/avatar\\\/af6fa422abe07b771b808ac638fb629435e9e5aa98790ae819418c2b4c028325?s=96&d=monsterid&r=g\",\"contentUrl\":\"https:\\\/\\\/secure.gravatar.com\\\/avatar\\\/af6fa422abe07b771b808ac638fb629435e9e5aa98790ae819418c2b4c028325?s=96&d=monsterid&r=g\",\"caption\":\"Carmen, \u00c1ngela, Elvira, Irene, M\u00aa Jes\u00fas, Elena y Oumnia\"},\"url\":\"https:\\\/\\\/sereingeniera.ugr.es\\\/index.php\\\/author\\\/monitoras2021\\\/\"}]}<\/script>\n<!-- \/ Yoast SEO plugin. -->","yoast_head_json":{"title":"12 de julio (D\u00eda 7): Apagafuegos - Ser\u00e9 Ingeniera","robots":{"index":"index","follow":"follow","max-snippet":"max-snippet:-1","max-image-preview":"max-image-preview:large","max-video-preview":"max-video-preview:-1"},"canonical":"https:\/\/sereingeniera.ugr.es\/index.php\/2021\/07\/12\/12-de-julio-dia-7-apagafuegos\/","og_locale":"es_ES","og_type":"article","og_title":"12 de julio (D\u00eda 7): Apagafuegos - Ser\u00e9 Ingeniera","og_description":"Quienes nos dedicamos al desarrollo de proyectos electr\u00f3nicos con aplicaciones inform\u00e1ticas sabemos que nuestras creaciones siempre tienen p\u00e1nico esc\u00e9nico. Esto ocurre cuando el proyecto funciona correctamente pero cuando se lo ense\u00f1as a alguien, al proyecto le entra una mezcla de miedo y verg\u00fcenza que hace que no funcione correctamente delante del p\u00fablico. Por este motivo, &hellip; Seguir leyendo 12 de julio (D\u00eda 7): Apagafuegos &rarr;","og_url":"https:\/\/sereingeniera.ugr.es\/index.php\/2021\/07\/12\/12-de-julio-dia-7-apagafuegos\/","og_site_name":"Ser\u00e9 Ingeniera","article_published_time":"2021-07-12T06:50:00+00:00","author":"Carmen, \u00c1ngela, Elvira, Irene, M\u00aa Jes\u00fas, Elena y Oumnia","twitter_card":"summary_large_image","twitter_misc":{"Escrito por":"Carmen, \u00c1ngela, Elvira, Irene, M\u00aa Jes\u00fas, Elena y Oumnia","Tiempo de lectura":"1 minuto"},"schema":{"@context":"https:\/\/schema.org","@graph":[{"@type":"Article","@id":"https:\/\/sereingeniera.ugr.es\/index.php\/2021\/07\/12\/12-de-julio-dia-7-apagafuegos\/#article","isPartOf":{"@id":"https:\/\/sereingeniera.ugr.es\/index.php\/2021\/07\/12\/12-de-julio-dia-7-apagafuegos\/"},"author":{"name":"Carmen, \u00c1ngela, Elvira, Irene, M\u00aa Jes\u00fas, Elena y Oumnia","@id":"https:\/\/sereingeniera.ugr.es\/#\/schema\/person\/32192c7a96b22e775ec91313381a84a0"},"headline":"12 de julio (D\u00eda 7): Apagafuegos","datePublished":"2021-07-12T06:50:00+00:00","mainEntityOfPage":{"@id":"https:\/\/sereingeniera.ugr.es\/index.php\/2021\/07\/12\/12-de-julio-dia-7-apagafuegos\/"},"wordCount":119,"commentCount":0,"articleSection":["General"],"inLanguage":"es","potentialAction":[{"@type":"CommentAction","name":"Comment","target":["https:\/\/sereingeniera.ugr.es\/index.php\/2021\/07\/12\/12-de-julio-dia-7-apagafuegos\/#respond"]}]},{"@type":"WebPage","@id":"https:\/\/sereingeniera.ugr.es\/index.php\/2021\/07\/12\/12-de-julio-dia-7-apagafuegos\/","url":"https:\/\/sereingeniera.ugr.es\/index.php\/2021\/07\/12\/12-de-julio-dia-7-apagafuegos\/","name":"12 de julio (D\u00eda 7): Apagafuegos - Ser\u00e9 Ingeniera","isPartOf":{"@id":"https:\/\/sereingeniera.ugr.es\/#website"},"datePublished":"2021-07-12T06:50:00+00:00","author":{"@id":"https:\/\/sereingeniera.ugr.es\/#\/schema\/person\/32192c7a96b22e775ec91313381a84a0"},"breadcrumb":{"@id":"https:\/\/sereingeniera.ugr.es\/index.php\/2021\/07\/12\/12-de-julio-dia-7-apagafuegos\/#breadcrumb"},"inLanguage":"es","potentialAction":[{"@type":"ReadAction","target":["https:\/\/sereingeniera.ugr.es\/index.php\/2021\/07\/12\/12-de-julio-dia-7-apagafuegos\/"]}]},{"@type":"BreadcrumbList","@id":"https:\/\/sereingeniera.ugr.es\/index.php\/2021\/07\/12\/12-de-julio-dia-7-apagafuegos\/#breadcrumb","itemListElement":[{"@type":"ListItem","position":1,"name":"Portada","item":"https:\/\/sereingeniera.ugr.es\/"},{"@type":"ListItem","position":2,"name":"12 de julio (D\u00eda 7): Apagafuegos"}]},{"@type":"WebSite","@id":"https:\/\/sereingeniera.ugr.es\/#website","url":"https:\/\/sereingeniera.ugr.es\/","name":"Ser\u00e9 Ingeniera","description":"","potentialAction":[{"@type":"SearchAction","target":{"@type":"EntryPoint","urlTemplate":"https:\/\/sereingeniera.ugr.es\/?s={search_term_string}"},"query-input":{"@type":"PropertyValueSpecification","valueRequired":true,"valueName":"search_term_string"}}],"inLanguage":"es"},{"@type":"Person","@id":"https:\/\/sereingeniera.ugr.es\/#\/schema\/person\/32192c7a96b22e775ec91313381a84a0","name":"Carmen, \u00c1ngela, Elvira, Irene, M\u00aa Jes\u00fas, Elena y Oumnia","image":{"@type":"ImageObject","inLanguage":"es","@id":"https:\/\/secure.gravatar.com\/avatar\/af6fa422abe07b771b808ac638fb629435e9e5aa98790ae819418c2b4c028325?s=96&d=monsterid&r=g","url":"https:\/\/secure.gravatar.com\/avatar\/af6fa422abe07b771b808ac638fb629435e9e5aa98790ae819418c2b4c028325?s=96&d=monsterid&r=g","contentUrl":"https:\/\/secure.gravatar.com\/avatar\/af6fa422abe07b771b808ac638fb629435e9e5aa98790ae819418c2b4c028325?s=96&d=monsterid&r=g","caption":"Carmen, \u00c1ngela, Elvira, Irene, M\u00aa Jes\u00fas, Elena y Oumnia"},"url":"https:\/\/sereingeniera.ugr.es\/index.php\/author\/monitoras2021\/"}]}},"_links":{"self":[{"href":"https:\/\/sereingeniera.ugr.es\/index.php\/wp-json\/wp\/v2\/posts\/3026","targetHints":{"allow":["GET"]}}],"collection":[{"href":"https:\/\/sereingeniera.ugr.es\/index.php\/wp-json\/wp\/v2\/posts"}],"about":[{"href":"https:\/\/sereingeniera.ugr.es\/index.php\/wp-json\/wp\/v2\/types\/post"}],"author":[{"embeddable":true,"href":"https:\/\/sereingeniera.ugr.es\/index.php\/wp-json\/wp\/v2\/users\/26"}],"replies":[{"embeddable":true,"href":"https:\/\/sereingeniera.ugr.es\/index.php\/wp-json\/wp\/v2\/comments?post=3026"}],"version-history":[{"count":2,"href":"https:\/\/sereingeniera.ugr.es\/index.php\/wp-json\/wp\/v2\/posts\/3026\/revisions"}],"predecessor-version":[{"id":3080,"href":"https:\/\/sereingeniera.ugr.es\/index.php\/wp-json\/wp\/v2\/posts\/3026\/revisions\/3080"}],"wp:attachment":[{"href":"https:\/\/sereingeniera.ugr.es\/index.php\/wp-json\/wp\/v2\/media?parent=3026"}],"wp:term":[{"taxonomy":"category","embeddable":true,"href":"https:\/\/sereingeniera.ugr.es\/index.php\/wp-json\/wp\/v2\/categories?post=3026"},{"taxonomy":"post_tag","embeddable":true,"href":"https:\/\/sereingeniera.ugr.es\/index.php\/wp-json\/wp\/v2\/tags?post=3026"}],"curies":[{"name":"wp","href":"https:\/\/api.w.org\/{rel}","templated":true}]}}