{"id":244,"date":"2015-05-25T11:25:18","date_gmt":"2015-05-25T11:25:18","guid":{"rendered":"http:\/\/sereingeniera.ugr.es\/?p=244"},"modified":"2015-06-09T12:56:39","modified_gmt":"2015-06-09T12:56:39","slug":"nuria-rico","status":"publish","type":"post","link":"https:\/\/sereingeniera.ugr.es\/index.php\/2015\/05\/25\/nuria-rico\/","title":{"rendered":"Presentamos a Nuria Rico, coordinadora de nuestro campus"},"content":{"rendered":"<p style=\"text-align: center;\"><img loading=\"lazy\" decoding=\"async\" class=\"aligncenter  wp-image-245\" alt=\"Nuria Rico\" src=\"http:\/\/sereingeniera.ugr.es\/wp-content\/uploads\/2015\/05\/Captura-de-pantalla-2015-05-25-a-las-12.33.10.png\" width=\"298\" height=\"298\" \/><\/p>\n<p><strong>Nuria Rico<\/strong> es <strong>profesora<\/strong> del <strong>Departamento de Estad\u00edstica<\/strong> e IO y <strong>Subdirectora<\/strong> de la <a title=\"Oficina de Software Libre UGR\" href=\"http:\/\/osl.ugr.es\/\" target=\"_blank\">Oficina de Software Libre de la Universidad de Granada<\/a>. Este a\u00f1o se encarga de <strong>coordinar el Campus Tecnol\u00f3gico UGR para Chicas<\/strong> que se celebrar\u00e1 entre el<strong> 29 de junio y el 10 de julio<\/strong> de 2015.<\/p>\n<p>Hablamos con ella del Campus Tecnol\u00f3gico UGR para Chicas.<\/p>\n<p><em><strong>\u00bfQu\u00e9 os ha llevado a organizar este Campus Tecnol\u00f3gico para Chicas?<\/strong><\/em><\/p>\n<p><strong>El a\u00f1o pasado iniciamos el Campus, patrocinado por Google,<\/strong> con la intenci\u00f3n de dar un impulso a las chicas y mostrarles sus capacidades en Ingenier\u00eda. Trabajaron en proyectos tecnol\u00f3gicos como robots, aplicaciones y juegos, y el resultado final fue expectacular. Tanto las profesoras del Campus como las chicas estuvimos de acuerdo en que <strong>la experiencia hab\u00eda sido fabulosa y nos propusimos firmemente volver a realizarlo<\/strong>.<\/p>\n<p><!--more--><\/p>\n<p>Este a\u00f1o contamos con el <strong>patrocinio principal<\/strong> de la <a title=\"Delegaci\u00f3n del rector para las TIC\" href=\"http:\/\/detic.ugr.es\/\" target=\"_blank\">Delegaci\u00f3n del Rector para las TIC (UGR<\/a>). Dentro de la UGR tambi\u00e9n contamos con el <strong>apoyo<\/strong> de diferentes unidades como son la <a title=\"web\" href=\"http:\/\/etsiit.ugr.es\/\" target=\"_blank\">Escuela T\u00e9cnica Superior de Ingenier\u00edas Inform\u00e1tica y de Telecomunicaci\u00f3n<\/a>, la <a title=\"web\" href=\"http:\/\/unidadigualdad.ugr.es\/\" target=\"_blank\">Unidad de Igualdad entre Mujeres y Hombres y el Secretariado de Formaci\u00f3n y Apoyo a la Calidad<\/a>. Fuera de la Universidad, hemos encontrado apoyo y patrocinio de empresas como <a title=\"web\" href=\"http:\/\/codeko.com\/\" target=\"_blank\">Codeko<\/a>, <a title=\"web\" href=\"http:\/\/www.createc3d.com\/\" target=\"_blank\">Createc3D<\/a>,<a title=\"web\" href=\"http:\/\/si2.info\/\" target=\"_blank\"> SI2<\/a> y del <a title=\"web\" href=\"http:\/\/cpiiand.es\/wordpress\/\" target=\"_blank\">Colegio Profesional de Ingenieros en Inform\u00e1tica de Andaluc\u00eda.<\/a><\/p>\n<p>Con tantos apoyos, la experiencia m\u00e1s que positiva del a\u00f1o pasado y con el convencimiento de que esta actividad supone un gran paso para despertar la vocaci\u00f3n de las futuras ingenieras, nos ponemos manos a la obra para llevar a cabo esta segunda edici\u00f3n con la intenci\u00f3n de tener unos resultados al menos tan buenos como los de la edici\u00f3n pasada.<\/p>\n<p><em><strong>\u00bfPor qu\u00e9 un Campus exclusivamente para chicas?<\/strong><\/em><\/p>\n<p>Porque no es un Campus de verano al uso, es una <strong>actividad estrat\u00e9gicamente dirigida a despertar la vocaci\u00f3n por las carreras tecnol\u00f3gicas en chicas.<\/strong> Tenemos un objetivo claro y la estrategia pasa por centrarnos en este colectivo e impulsar sus vocaciones.<\/p>\n<p><em><strong>\u00bfPor qu\u00e9 es necesario despertar la vocaci\u00f3n en las chicas?<\/strong><\/em><\/p>\n<p>Porque hemos detectado que el <strong>porcentaje de alumnas es cr\u00edticamente bajo en estas titulaciones<\/strong>, con una tendencia que empezaba a ser <strong>alarmante<\/strong> los \u00faltimos a\u00f1os.<\/p>\n<p><em><strong>S\u00ed, pero \u00bfacaso los chicos no deben despertar su vocaci\u00f3n en la tecnolog\u00eda?<\/strong><\/em><\/p>\n<p>Nuestra <strong>intenci\u00f3n no es excluir a ning\u00fan colectivo, sino centrarnos en aqu\u00e9l que necesita un mayor impulso<\/strong> para dar el paso de enfocar su formaci\u00f3n en una carrera tecnol\u00f3gica. Existen muchas iniciativas donde chicos y chicas participan por igual pero, en este caso, <strong>nos dirigimos a las chicas por ser ellas quienes deben tomar la decisi\u00f3n de estudiar una carrera tecnol\u00f3gica<\/strong>, son ellas las que deben tomar la iniciativa y ocupar los puestos que les corresponden. Simplemente <strong>les mostramos lo h\u00e1biles que son en tecnolog\u00eda, para que los posibles estereotipos no les impidan desarrollar el potencial que tienen.<\/strong><\/p>\n<p><em><strong>\u00bfLos chicos se sienten excluidos?<\/strong><\/em><\/p>\n<p>Queremos que el talento femenino aflore, pero en absoluto pretendemos menospreciar el masculino.\u00a0 Simplemente, esta actividad, est\u00e1 dirigida a un p\u00fablico en concreto. Creo que <strong>conseguir un porcentaje mayor de chicas en las aulas de Tecnolog\u00eda no solo beneficia a las chicas, sino a la sociedad en general, chicos y chicas<\/strong>.<\/p>\n<p><em><strong>\u00bfQu\u00e9 esper\u00e1is del Campus?<\/strong><\/em><\/p>\n<p>Esperamos <strong>empezar a romper la tendencia de bajo porcentaje de chicas en Ingenier\u00eda<\/strong>. Es una actividad, que, si tiene \u00e9xito, dejar\u00e1 de ser necesaria: en el momento en que cumplamos nuestro objetivo, este tipo de campus no ser\u00e1 necesario. Por lo tanto, parad\u00f3jicamente, <strong>es un Campus que persigue no tener que ser necesario.<\/strong><\/p>\n","protected":false},"excerpt":{"rendered":"<p>Nuria Rico es profesora del Departamento de Estad\u00edstica e IO y Subdirectora de la Oficina de Software Libre de la Universidad de Granada. Este a\u00f1o se encarga de coordinar el Campus Tecnol\u00f3gico UGR para Chicas que se celebrar\u00e1 entre el 29 de junio y el 10 de julio de 2015. Hablamos con ella del Campus &hellip; <a href=\"https:\/\/sereingeniera.ugr.es\/index.php\/2015\/05\/25\/nuria-rico\/\" class=\"more-link\">Seguir leyendo <span class=\"screen-reader-text\">Presentamos a Nuria Rico, coordinadora de nuestro campus<\/span> <span class=\"meta-nav\">&rarr;<\/span><\/a><\/p>\n","protected":false},"author":1,"featured_media":0,"comment_status":"closed","ping_status":"open","sticky":false,"template":"","format":"standard","meta":{"footnotes":"","_links_to":"","_links_to_target":""},"categories":[],"tags":[],"class_list":["post-244","post","type-post","status-publish","format-standard","hentry"],"yoast_head":"<!-- This site is optimized with the Yoast SEO plugin v27.5 - https:\/\/yoast.com\/product\/yoast-seo-wordpress\/ -->\n<title>Presentamos a Nuria Rico, coordinadora de nuestro campus - Ser\u00e9 Ingeniera<\/title>\n<meta name=\"robots\" content=\"index, follow, max-snippet:-1, max-image-preview:large, max-video-preview:-1\" \/>\n<link rel=\"canonical\" href=\"https:\/\/sereingeniera.ugr.es\/index.php\/2015\/05\/25\/nuria-rico\/\" \/>\n<meta property=\"og:locale\" content=\"es_ES\" \/>\n<meta property=\"og:type\" content=\"article\" \/>\n<meta property=\"og:title\" content=\"Presentamos a Nuria Rico, coordinadora de nuestro campus - Ser\u00e9 Ingeniera\" \/>\n<meta property=\"og:description\" content=\"Nuria Rico es profesora del Departamento de Estad\u00edstica e IO y Subdirectora de la Oficina de Software Libre de la Universidad de Granada. Este a\u00f1o se encarga de coordinar el Campus Tecnol\u00f3gico UGR para Chicas que se celebrar\u00e1 entre el 29 de junio y el 10 de julio de 2015. Hablamos con ella del Campus &hellip; Seguir leyendo Presentamos a Nuria Rico, coordinadora de nuestro campus &rarr;\" \/>\n<meta property=\"og:url\" content=\"https:\/\/sereingeniera.ugr.es\/index.php\/2015\/05\/25\/nuria-rico\/\" \/>\n<meta property=\"og:site_name\" content=\"Ser\u00e9 Ingeniera\" \/>\n<meta property=\"article:published_time\" content=\"2015-05-25T11:25:18+00:00\" \/>\n<meta property=\"article:modified_time\" content=\"2015-06-09T12:56:39+00:00\" \/>\n<meta property=\"og:image\" content=\"http:\/\/sereingeniera.ugr.es\/wp-content\/uploads\/2015\/05\/Captura-de-pantalla-2015-05-25-a-las-12.33.10.png\" \/>\n<meta name=\"author\" content=\"administrador\" \/>\n<meta name=\"twitter:card\" content=\"summary_large_image\" \/>\n<meta name=\"twitter:label1\" content=\"Escrito por\" \/>\n\t<meta name=\"twitter:data1\" content=\"administrador\" \/>\n\t<meta name=\"twitter:label2\" content=\"Tiempo de lectura\" \/>\n\t<meta name=\"twitter:data2\" content=\"3 minutos\" \/>\n<script type=\"application\/ld+json\" class=\"yoast-schema-graph\">{\"@context\":\"https:\\\/\\\/schema.org\",\"@graph\":[{\"@type\":\"Article\",\"@id\":\"https:\\\/\\\/sereingeniera.ugr.es\\\/index.php\\\/2015\\\/05\\\/25\\\/nuria-rico\\\/#article\",\"isPartOf\":{\"@id\":\"https:\\\/\\\/sereingeniera.ugr.es\\\/index.php\\\/2015\\\/05\\\/25\\\/nuria-rico\\\/\"},\"author\":{\"name\":\"administrador\",\"@id\":\"https:\\\/\\\/sereingeniera.ugr.es\\\/#\\\/schema\\\/person\\\/f246eee15182460bff4e9c0b7904056e\"},\"headline\":\"Presentamos a Nuria Rico, coordinadora de nuestro campus\",\"datePublished\":\"2015-05-25T11:25:18+00:00\",\"dateModified\":\"2015-06-09T12:56:39+00:00\",\"mainEntityOfPage\":{\"@id\":\"https:\\\/\\\/sereingeniera.ugr.es\\\/index.php\\\/2015\\\/05\\\/25\\\/nuria-rico\\\/\"},\"wordCount\":640,\"image\":{\"@id\":\"https:\\\/\\\/sereingeniera.ugr.es\\\/index.php\\\/2015\\\/05\\\/25\\\/nuria-rico\\\/#primaryimage\"},\"thumbnailUrl\":\"http:\\\/\\\/sereingeniera.ugr.es\\\/wp-content\\\/uploads\\\/2015\\\/05\\\/Captura-de-pantalla-2015-05-25-a-las-12.33.10.png\",\"inLanguage\":\"es\"},{\"@type\":\"WebPage\",\"@id\":\"https:\\\/\\\/sereingeniera.ugr.es\\\/index.php\\\/2015\\\/05\\\/25\\\/nuria-rico\\\/\",\"url\":\"https:\\\/\\\/sereingeniera.ugr.es\\\/index.php\\\/2015\\\/05\\\/25\\\/nuria-rico\\\/\",\"name\":\"Presentamos a Nuria Rico, coordinadora de nuestro campus - Ser\u00e9 Ingeniera\",\"isPartOf\":{\"@id\":\"https:\\\/\\\/sereingeniera.ugr.es\\\/#website\"},\"primaryImageOfPage\":{\"@id\":\"https:\\\/\\\/sereingeniera.ugr.es\\\/index.php\\\/2015\\\/05\\\/25\\\/nuria-rico\\\/#primaryimage\"},\"image\":{\"@id\":\"https:\\\/\\\/sereingeniera.ugr.es\\\/index.php\\\/2015\\\/05\\\/25\\\/nuria-rico\\\/#primaryimage\"},\"thumbnailUrl\":\"http:\\\/\\\/sereingeniera.ugr.es\\\/wp-content\\\/uploads\\\/2015\\\/05\\\/Captura-de-pantalla-2015-05-25-a-las-12.33.10.png\",\"datePublished\":\"2015-05-25T11:25:18+00:00\",\"dateModified\":\"2015-06-09T12:56:39+00:00\",\"author\":{\"@id\":\"https:\\\/\\\/sereingeniera.ugr.es\\\/#\\\/schema\\\/person\\\/f246eee15182460bff4e9c0b7904056e\"},\"breadcrumb\":{\"@id\":\"https:\\\/\\\/sereingeniera.ugr.es\\\/index.php\\\/2015\\\/05\\\/25\\\/nuria-rico\\\/#breadcrumb\"},\"inLanguage\":\"es\",\"potentialAction\":[{\"@type\":\"ReadAction\",\"target\":[\"https:\\\/\\\/sereingeniera.ugr.es\\\/index.php\\\/2015\\\/05\\\/25\\\/nuria-rico\\\/\"]}]},{\"@type\":\"ImageObject\",\"inLanguage\":\"es\",\"@id\":\"https:\\\/\\\/sereingeniera.ugr.es\\\/index.php\\\/2015\\\/05\\\/25\\\/nuria-rico\\\/#primaryimage\",\"url\":\"\",\"contentUrl\":\"\"},{\"@type\":\"BreadcrumbList\",\"@id\":\"https:\\\/\\\/sereingeniera.ugr.es\\\/index.php\\\/2015\\\/05\\\/25\\\/nuria-rico\\\/#breadcrumb\",\"itemListElement\":[{\"@type\":\"ListItem\",\"position\":1,\"name\":\"Portada\",\"item\":\"https:\\\/\\\/sereingeniera.ugr.es\\\/\"},{\"@type\":\"ListItem\",\"position\":2,\"name\":\"Presentamos a Nuria Rico, coordinadora de nuestro campus\"}]},{\"@type\":\"WebSite\",\"@id\":\"https:\\\/\\\/sereingeniera.ugr.es\\\/#website\",\"url\":\"https:\\\/\\\/sereingeniera.ugr.es\\\/\",\"name\":\"Ser\u00e9 Ingeniera\",\"description\":\"\",\"potentialAction\":[{\"@type\":\"SearchAction\",\"target\":{\"@type\":\"EntryPoint\",\"urlTemplate\":\"https:\\\/\\\/sereingeniera.ugr.es\\\/?s={search_term_string}\"},\"query-input\":{\"@type\":\"PropertyValueSpecification\",\"valueRequired\":true,\"valueName\":\"search_term_string\"}}],\"inLanguage\":\"es\"},{\"@type\":\"Person\",\"@id\":\"https:\\\/\\\/sereingeniera.ugr.es\\\/#\\\/schema\\\/person\\\/f246eee15182460bff4e9c0b7904056e\",\"name\":\"administrador\",\"image\":{\"@type\":\"ImageObject\",\"inLanguage\":\"es\",\"@id\":\"https:\\\/\\\/secure.gravatar.com\\\/avatar\\\/e58fd5b46aa18820d3a032157d6346599f21e4be3404b00a1a075838b8e00d27?s=96&d=monsterid&r=g\",\"url\":\"https:\\\/\\\/secure.gravatar.com\\\/avatar\\\/e58fd5b46aa18820d3a032157d6346599f21e4be3404b00a1a075838b8e00d27?s=96&d=monsterid&r=g\",\"contentUrl\":\"https:\\\/\\\/secure.gravatar.com\\\/avatar\\\/e58fd5b46aa18820d3a032157d6346599f21e4be3404b00a1a075838b8e00d27?s=96&d=monsterid&r=g\",\"caption\":\"administrador\"},\"url\":\"https:\\\/\\\/sereingeniera.ugr.es\\\/index.php\\\/author\\\/administrador\\\/\"}]}<\/script>\n<!-- \/ Yoast SEO plugin. -->","yoast_head_json":{"title":"Presentamos a Nuria Rico, coordinadora de nuestro campus - Ser\u00e9 Ingeniera","robots":{"index":"index","follow":"follow","max-snippet":"max-snippet:-1","max-image-preview":"max-image-preview:large","max-video-preview":"max-video-preview:-1"},"canonical":"https:\/\/sereingeniera.ugr.es\/index.php\/2015\/05\/25\/nuria-rico\/","og_locale":"es_ES","og_type":"article","og_title":"Presentamos a Nuria Rico, coordinadora de nuestro campus - Ser\u00e9 Ingeniera","og_description":"Nuria Rico es profesora del Departamento de Estad\u00edstica e IO y Subdirectora de la Oficina de Software Libre de la Universidad de Granada. Este a\u00f1o se encarga de coordinar el Campus Tecnol\u00f3gico UGR para Chicas que se celebrar\u00e1 entre el 29 de junio y el 10 de julio de 2015. Hablamos con ella del Campus &hellip; Seguir leyendo Presentamos a Nuria Rico, coordinadora de nuestro campus &rarr;","og_url":"https:\/\/sereingeniera.ugr.es\/index.php\/2015\/05\/25\/nuria-rico\/","og_site_name":"Ser\u00e9 Ingeniera","article_published_time":"2015-05-25T11:25:18+00:00","article_modified_time":"2015-06-09T12:56:39+00:00","og_image":[{"url":"http:\/\/sereingeniera.ugr.es\/wp-content\/uploads\/2015\/05\/Captura-de-pantalla-2015-05-25-a-las-12.33.10.png","type":"","width":"","height":""}],"author":"administrador","twitter_card":"summary_large_image","twitter_misc":{"Escrito por":"administrador","Tiempo de lectura":"3 minutos"},"schema":{"@context":"https:\/\/schema.org","@graph":[{"@type":"Article","@id":"https:\/\/sereingeniera.ugr.es\/index.php\/2015\/05\/25\/nuria-rico\/#article","isPartOf":{"@id":"https:\/\/sereingeniera.ugr.es\/index.php\/2015\/05\/25\/nuria-rico\/"},"author":{"name":"administrador","@id":"https:\/\/sereingeniera.ugr.es\/#\/schema\/person\/f246eee15182460bff4e9c0b7904056e"},"headline":"Presentamos a Nuria Rico, coordinadora de nuestro campus","datePublished":"2015-05-25T11:25:18+00:00","dateModified":"2015-06-09T12:56:39+00:00","mainEntityOfPage":{"@id":"https:\/\/sereingeniera.ugr.es\/index.php\/2015\/05\/25\/nuria-rico\/"},"wordCount":640,"image":{"@id":"https:\/\/sereingeniera.ugr.es\/index.php\/2015\/05\/25\/nuria-rico\/#primaryimage"},"thumbnailUrl":"http:\/\/sereingeniera.ugr.es\/wp-content\/uploads\/2015\/05\/Captura-de-pantalla-2015-05-25-a-las-12.33.10.png","inLanguage":"es"},{"@type":"WebPage","@id":"https:\/\/sereingeniera.ugr.es\/index.php\/2015\/05\/25\/nuria-rico\/","url":"https:\/\/sereingeniera.ugr.es\/index.php\/2015\/05\/25\/nuria-rico\/","name":"Presentamos a Nuria Rico, coordinadora de nuestro campus - Ser\u00e9 Ingeniera","isPartOf":{"@id":"https:\/\/sereingeniera.ugr.es\/#website"},"primaryImageOfPage":{"@id":"https:\/\/sereingeniera.ugr.es\/index.php\/2015\/05\/25\/nuria-rico\/#primaryimage"},"image":{"@id":"https:\/\/sereingeniera.ugr.es\/index.php\/2015\/05\/25\/nuria-rico\/#primaryimage"},"thumbnailUrl":"http:\/\/sereingeniera.ugr.es\/wp-content\/uploads\/2015\/05\/Captura-de-pantalla-2015-05-25-a-las-12.33.10.png","datePublished":"2015-05-25T11:25:18+00:00","dateModified":"2015-06-09T12:56:39+00:00","author":{"@id":"https:\/\/sereingeniera.ugr.es\/#\/schema\/person\/f246eee15182460bff4e9c0b7904056e"},"breadcrumb":{"@id":"https:\/\/sereingeniera.ugr.es\/index.php\/2015\/05\/25\/nuria-rico\/#breadcrumb"},"inLanguage":"es","potentialAction":[{"@type":"ReadAction","target":["https:\/\/sereingeniera.ugr.es\/index.php\/2015\/05\/25\/nuria-rico\/"]}]},{"@type":"ImageObject","inLanguage":"es","@id":"https:\/\/sereingeniera.ugr.es\/index.php\/2015\/05\/25\/nuria-rico\/#primaryimage","url":"","contentUrl":""},{"@type":"BreadcrumbList","@id":"https:\/\/sereingeniera.ugr.es\/index.php\/2015\/05\/25\/nuria-rico\/#breadcrumb","itemListElement":[{"@type":"ListItem","position":1,"name":"Portada","item":"https:\/\/sereingeniera.ugr.es\/"},{"@type":"ListItem","position":2,"name":"Presentamos a Nuria Rico, coordinadora de nuestro campus"}]},{"@type":"WebSite","@id":"https:\/\/sereingeniera.ugr.es\/#website","url":"https:\/\/sereingeniera.ugr.es\/","name":"Ser\u00e9 Ingeniera","description":"","potentialAction":[{"@type":"SearchAction","target":{"@type":"EntryPoint","urlTemplate":"https:\/\/sereingeniera.ugr.es\/?s={search_term_string}"},"query-input":{"@type":"PropertyValueSpecification","valueRequired":true,"valueName":"search_term_string"}}],"inLanguage":"es"},{"@type":"Person","@id":"https:\/\/sereingeniera.ugr.es\/#\/schema\/person\/f246eee15182460bff4e9c0b7904056e","name":"administrador","image":{"@type":"ImageObject","inLanguage":"es","@id":"https:\/\/secure.gravatar.com\/avatar\/e58fd5b46aa18820d3a032157d6346599f21e4be3404b00a1a075838b8e00d27?s=96&d=monsterid&r=g","url":"https:\/\/secure.gravatar.com\/avatar\/e58fd5b46aa18820d3a032157d6346599f21e4be3404b00a1a075838b8e00d27?s=96&d=monsterid&r=g","contentUrl":"https:\/\/secure.gravatar.com\/avatar\/e58fd5b46aa18820d3a032157d6346599f21e4be3404b00a1a075838b8e00d27?s=96&d=monsterid&r=g","caption":"administrador"},"url":"https:\/\/sereingeniera.ugr.es\/index.php\/author\/administrador\/"}]}},"_links":{"self":[{"href":"https:\/\/sereingeniera.ugr.es\/index.php\/wp-json\/wp\/v2\/posts\/244","targetHints":{"allow":["GET"]}}],"collection":[{"href":"https:\/\/sereingeniera.ugr.es\/index.php\/wp-json\/wp\/v2\/posts"}],"about":[{"href":"https:\/\/sereingeniera.ugr.es\/index.php\/wp-json\/wp\/v2\/types\/post"}],"author":[{"embeddable":true,"href":"https:\/\/sereingeniera.ugr.es\/index.php\/wp-json\/wp\/v2\/users\/1"}],"replies":[{"embeddable":true,"href":"https:\/\/sereingeniera.ugr.es\/index.php\/wp-json\/wp\/v2\/comments?post=244"}],"version-history":[{"count":3,"href":"https:\/\/sereingeniera.ugr.es\/index.php\/wp-json\/wp\/v2\/posts\/244\/revisions"}],"predecessor-version":[{"id":286,"href":"https:\/\/sereingeniera.ugr.es\/index.php\/wp-json\/wp\/v2\/posts\/244\/revisions\/286"}],"wp:attachment":[{"href":"https:\/\/sereingeniera.ugr.es\/index.php\/wp-json\/wp\/v2\/media?parent=244"}],"wp:term":[{"taxonomy":"category","embeddable":true,"href":"https:\/\/sereingeniera.ugr.es\/index.php\/wp-json\/wp\/v2\/categories?post=244"},{"taxonomy":"post_tag","embeddable":true,"href":"https:\/\/sereingeniera.ugr.es\/index.php\/wp-json\/wp\/v2\/tags?post=244"}],"curies":[{"name":"wp","href":"https:\/\/api.w.org\/{rel}","templated":true}]}}