{"id":1563,"date":"2019-06-04T12:32:26","date_gmt":"2019-06-04T11:32:26","guid":{"rendered":"http:\/\/sereingeniera.ugr.es\/?p=1563"},"modified":"2019-06-04T12:32:26","modified_gmt":"2019-06-04T11:32:26","slug":"la-opinion-de-nuestros-patrocinadores-sereingeniera19","status":"publish","type":"post","link":"https:\/\/sereingeniera.ugr.es\/index.php\/2019\/06\/04\/la-opinion-de-nuestros-patrocinadores-sereingeniera19\/","title":{"rendered":"La opini\u00f3n de nuestros patrocinadores #SereIngeniera19"},"content":{"rendered":"<p>Este a\u00f1o para la nueva edici\u00f3n de\u00a0<a href=\"https:\/\/twitter.com\/hashtag\/SereIngeniera19?src=hash\" target=\"_blank\" rel=\"noopener\">#SereIngeniera19<\/a> contamos con nuevos patrocinadores y muchos que repiten del a\u00f1o pasado.<\/p>\n<p>Nuestros patrocinadores han querido tambi\u00e9n dejarnos unas palabras para contarnos los motivos de su implicaci\u00f3n en el Campus y su preocupaci\u00f3n respecto a la brecha de g\u00e9nero que existe en las carreras cient\u00edfico-tecnol\u00f3gicas.<\/p>\n<ul>\n<li>Desde\u00a0<strong>PcComponentes<\/strong> nos comenta como la sociedad, junto a la tecnolog\u00eda, avanza a pasos agigantados, progresa y cada vez se enfrenta a retos m\u00e1s dif\u00edciles que necesitan del tes\u00f3n y del esfuerzo de mujeres y hombres de manera igualitaria.<img loading=\"lazy\" decoding=\"async\" class=\"wp-image-1489 aligncenter\" src=\"http:\/\/sereingeniera.ugr.es\/wp-content\/uploads\/Logo-PcComponentes-1024x419.jpg\" alt=\"\" width=\"247\" height=\"101\" \/><\/li>\n<\/ul>\n<p style=\"padding-left: 30px;\">As\u00ed lo entienden en<strong> PcComponentes<\/strong>, donde cada d\u00eda los diferentes departamentos de su empresa demandan de forma continuada la experiencia y conocimientos de los mejores estudiantes de titulaciones t\u00e9cnicas, indistintamente de su g\u00e9nero.<\/p>\n<p style=\"padding-left: 30px;\">Como todos sabemos, nos dicen desde <strong>PcComponentes<\/strong>, el entorno tecnol\u00f3gico es un marco donde todav\u00eda la representaci\u00f3n femenina es muy baja. Desde <strong>PcComponentes<\/strong> apuestan por este tipo de jornadas de concienciaci\u00f3n y empoderamiento donde es vital poner de manifiesto medidas efectivas que apuesten por la igualdad real donde se ofrezcan garant\u00edas de acceso a cualquier puesto con independencia de que el candidato sea hombre o mujer.<\/p>\n<p style=\"padding-left: 30px;\">Han implantado varios planes de igualdad, en los que apuestan\u00a0 por perfiles profesionales sin m\u00e1s distinci\u00f3n que la del talento, para juntos, seguir avanzando e innovando dentro del sector de la tecnolog\u00eda y la inform\u00e1tica.<\/p>\n<ul>\n<li><strong>Novatec<\/strong>, es otro de nuestros patrocinadores que tambi\u00e9n repite en esta edici\u00f3n, y nos cuentan como el proyecto <a href=\"https:\/\/twitter.com\/hashtag\/SereIngeniera19?src=hash\" target=\"_blank\" rel=\"noopener\">#SereIngeniera19<\/a> les parece una oportunidad excelente para aportar su granito de arena por la igualdad en \u00e1mbitos STEM y para fomentar las inquietudes de las ni\u00f1as en \u00e1reas t\u00e9cnicas.<\/li>\n<\/ul>\n<p><img loading=\"lazy\" decoding=\"async\" class=\" wp-image-1412 aligncenter\" src=\"http:\/\/sereingeniera.ugr.es\/wp-content\/uploads\/NOVATEC-rgb-schwarz-cyan-tuerkis-1024x244.png\" alt=\"\" width=\"323\" height=\"77\" srcset=\"https:\/\/sereingeniera.ugr.es\/wp-content\/uploads\/NOVATEC-rgb-schwarz-cyan-tuerkis-1024x244.png 1024w, https:\/\/sereingeniera.ugr.es\/wp-content\/uploads\/NOVATEC-rgb-schwarz-cyan-tuerkis-300x72.png 300w, https:\/\/sereingeniera.ugr.es\/wp-content\/uploads\/NOVATEC-rgb-schwarz-cyan-tuerkis-768x183.png 768w, https:\/\/sereingeniera.ugr.es\/wp-content\/uploads\/NOVATEC-rgb-schwarz-cyan-tuerkis.png 1153w\" sizes=\"auto, (max-width: 323px) 100vw, 323px\" \/><\/p>\n<p style=\"padding-left: 30px;\">Con este tipo de iniciativas <strong>Novatec<\/strong> quiere ayudar a eliminar los estereotipos y creencias de que las carreras t\u00e9cnicas son m\u00e1s apropiadas para chicos, ya que las chicas tienen much\u00edsimo potencial y les encantar\u00eda comprobar que con este campus el n\u00famero de chicas en carreras t\u00e9cnicas aumenta en pocos a\u00f1os.<\/p>\n<p style=\"padding-left: 30px;\">Adem\u00e1s como empresa multicultural, en <strong>Novatec<\/strong> valoran tener personas con diferentes visiones y perspectivas, las chicas aportan su forma de ver la vida junto con su talento y eso siempre es enriquecedor para todos.\u00a0 Nos dicen desde <strong>Novatec<\/strong>, que no ser\u00eda inteligente por su parte descartar al 50% de la poblaci\u00f3n solo por ser chicas, ya que en los dem\u00e1s aspectos son exactamente iguales que los chicos.<\/p>\n<ul>\n<li>En <strong>Financialforce<\/strong>, apuestan tambi\u00e9n cada d\u00eda m\u00e1s por la igualdad y la importancia del papel de la mujer en los sectores tecnol\u00f3gicos. Adem\u00e1s de patrocinar\u00a0<a href=\"https:\/\/twitter.com\/hashtag\/SereIngeniera19?src=hash\" target=\"_blank\" rel=\"noopener\">#SereIngeniera19<\/a>, cuentan con un programa llamado\u00a0 <em>FinancialforceInclusion<\/em>, desde el que promueven que no solo su entorno sea igualitario y respetuoso con la diversidad, sino que lo sea tambi\u00e9n la sociedad.<\/li>\n<\/ul>\n<p><img loading=\"lazy\" decoding=\"async\" class=\"wp-image-1181 aligncenter\" src=\"http:\/\/sereingeniera.ugr.es\/wp-content\/uploads\/FF-logo-1-e1527142563278.png\" alt=\"\" width=\"312\" height=\"176\" \/><\/p>\n<p style=\"padding-left: 30px;\">En el marco de <em>FinancialforceInclusion<\/em>, han querido aportar su granito de<br \/>\narena, a nivel externo, con actividades que puedan servir de ayuda para que nuestra<br \/>\nsociedad avance. En este sentido, para fomentar esa curiosidad por la tecnolog\u00eda<br \/>\nen ni\u00f1as, participan en el campus tecnol\u00f3gico\u00a0<a href=\"https:\/\/twitter.com\/hashtag\/SereIngeniera19?src=hash\" target=\"_blank\" rel=\"noopener\">#SereIngeniera19<\/a> de la mano de la<br \/>\nUniversidad de Granada.<\/p>\n<p style=\"padding-left: 30px;\">Para\u00a0<strong>Financialforce<\/strong>, nos dicen, es un orgullo colaborar con estas iniciativas para que sean posibles y fomenten el conocimiento e inter\u00e9s tecnol\u00f3gico en las chicas.<\/p>\n<ul>\n<li><strong>UNIT 4 global<\/strong>\u00a0tambi\u00e9n se suma a nuestro patrocinio, y desde su sede de I+D ubicada en Granada promueve iniciativas locales como nuestros campus\u00a0<a href=\"https:\/\/twitter.com\/hashtag\/SereIngeniera19?src=hash\" target=\"_blank\" rel=\"noopener\">#SereIngeniera19<\/a>, que contribuyen a la concienciaci\u00f3n sobre temas de inter\u00e9s para sus empleados y que a la vez tengan impacto social. En esta l\u00ednea adem\u00e1s,\u00a0<strong>UNIT 4<\/strong>\u00a0realiza otras iniciativas como la de uno de sus grupos voluntarios de empleados llamado <em>Business Women Network<\/em> para la promoci\u00f3n de\u00a0la igualdad e inclusi\u00f3n, as\u00ed como el desarrollo personal y profesional, acoge peri\u00f3dicamente\u00a0 a una veintena de estudiantes entre 12 y 17 a\u00f1os para que conozcan de primera mano a las empleadas voluntarias de Unit4 que ocupan puestos en un sector en que la presencia de mujeres es minoritaria. El objetivo de estas actividades es dar a conocer a estas estudiantes las posibilidades profesionales que hay en esta rama del conocimiento para que decidan con toda la libertad e informaci\u00f3n a su alcance.<\/li>\n<\/ul>\n<p><img loading=\"lazy\" decoding=\"async\" class=\" wp-image-1570 aligncenter\" src=\"http:\/\/sereingeniera.ugr.es\/wp-content\/uploads\/Unit4_Logo_RGB_Final_2018.jpg\" alt=\"\" width=\"277\" height=\"66\" srcset=\"https:\/\/sereingeniera.ugr.es\/wp-content\/uploads\/Unit4_Logo_RGB_Final_2018.jpg 369w, https:\/\/sereingeniera.ugr.es\/wp-content\/uploads\/Unit4_Logo_RGB_Final_2018-300x72.jpg 300w\" sizes=\"auto, (max-width: 277px) 100vw, 277px\" \/><\/p>\n<p style=\"padding-left: 30px;\">Adem\u00e1s de sus propias iniciativas,<strong>UNIT 4\u00a0<\/strong>ha decidido colaborar en el patrocinio del campus\u00a0<a href=\"https:\/\/twitter.com\/hashtag\/SereIngeniera19?src=hash\" target=\"_blank\" rel=\"noopener\">#SereIngeniera19<\/a>, para dar soporte y acompa\u00f1ar a las estudiantes que ya han mostrado inter\u00e9s por las \u00e1reas STEM, proporcion\u00e1ndoles adem\u00e1s un primer contacto con el sector TIC.<\/p>\n<ul>\n<li><strong>Conecta 13<\/strong>, vuelve a colaborar con <a href=\"https:\/\/twitter.com\/hashtag\/SereIngeniera19?src=hash\" target=\"_blank\" rel=\"noopener\">#SereIngeniera19<\/a> y nos cuentan tambi\u00e9n, porque participan en esta iniciativa y le dan una importancia relevante entre sus proyectos.<\/li>\n<\/ul>\n<p><img loading=\"lazy\" decoding=\"async\" class=\" wp-image-1582 aligncenter\" src=\"http:\/\/sereingeniera.ugr.es\/wp-content\/uploads\/conecta13-1.jpg\" alt=\"\" width=\"370\" height=\"68\" srcset=\"https:\/\/sereingeniera.ugr.es\/wp-content\/uploads\/conecta13-1.jpg 375w, https:\/\/sereingeniera.ugr.es\/wp-content\/uploads\/conecta13-1-300x55.jpg 300w\" sizes=\"auto, (max-width: 370px) 100vw, 370px\" \/><\/p>\n<p style=\"padding-left: 30px;\">La mayor\u00eda de las futuras oportunidades profesionales, nos dicen en <strong>Conecta13<\/strong>, vendr\u00e1n ligadas a estas materias STEM (Ciencia, Tecnolog\u00eda, Ingenier\u00eda y Matem\u00e1ticas) que ya cuentan hoy en d\u00eda con una alta demanda de empleo y con nuevos perfiles profesionales. Si no promovemos que las chicas suban a ese tren, seguiremos perpetuando diferencias que agudizan la brecha de g\u00e9nero que repercutir\u00e1 en diferentes \u00e1mbitos sociales.<\/p>\n<p style=\"padding-left: 30px;\">En ese sentido <strong>Conecta13<\/strong>, apuesta por iniciativas y proyectos con un valor social transformador, que repercutan en el entramado social para fomentar y construir\u00a0 una sociedad cada vez m\u00e1s justa y equitativa.<\/p>\n<ul>\n<li><strong>El Instituto de la Mujer y para la Igualdad de Oportunidades <\/strong>es patrocinador en esta edici\u00f3n de <a href=\"https:\/\/twitter.com\/hashtag\/SereIngeniera19?src=hash\" target=\"_blank\" rel=\"noopener\">#SereIngeniera19<\/a> como una de sus muchas iniciativas para promover y fomentar la igualdad de ambos sexos, facilitando las condiciones para la participaci\u00f3n efectiva de las mujeres en los diferentes \u00e1mbitos de la vida. Su implicaci\u00f3n con la iniciativa<em> Quiero Ser Ingeniera <\/em>y dentro de ella, estos campus, significa una apuesta por romper con los estereotipos, dar una visi\u00f3n m\u00e1s equitativa y justa socialmente del talento femenino y sus oportunidades de participaci\u00f3n en las profesiones del futuro y, fundamentalmente, fomentar y alentar vocaciones en Ingenier\u00eda en las chicas preuniversitarias.<\/li>\n<\/ul>\n<p><img loading=\"lazy\" decoding=\"async\" class=\" wp-image-1583 aligncenter\" src=\"http:\/\/sereingeniera.ugr.es\/wp-content\/uploads\/logoInMujer.jpg\" alt=\"\" width=\"514\" height=\"71\" srcset=\"https:\/\/sereingeniera.ugr.es\/wp-content\/uploads\/logoInMujer.jpg 514w, https:\/\/sereingeniera.ugr.es\/wp-content\/uploads\/logoInMujer-300x41.jpg 300w\" sizes=\"auto, (max-width: 514px) 100vw, 514px\" \/><\/p>\n<p>A todos ellos, a\u00a0<strong>Createc3D<\/strong>, que tambi\u00e9n participa en el patrocinio, y a todas las personas que colaboran de una forma u otra, queremos darles las gracias desde aqu\u00ed por hacer posible estos campus una vez m\u00e1s.<\/p>\n<p><strong>\u00a1Sois una garant\u00eda de \u00e9xito!<\/strong><\/p>\n","protected":false},"excerpt":{"rendered":"<p>Este a\u00f1o para la nueva edici\u00f3n de\u00a0#SereIngeniera19 contamos con nuevos patrocinadores y muchos que repiten del a\u00f1o pasado. Nuestros patrocinadores han querido tambi\u00e9n dejarnos unas palabras para contarnos los motivos de su implicaci\u00f3n en el Campus y su preocupaci\u00f3n respecto a la brecha de g\u00e9nero que existe en las carreras cient\u00edfico-tecnol\u00f3gicas. Desde\u00a0PcComponentes nos comenta como &hellip; <a href=\"https:\/\/sereingeniera.ugr.es\/index.php\/2019\/06\/04\/la-opinion-de-nuestros-patrocinadores-sereingeniera19\/\" class=\"more-link\">Seguir leyendo <span class=\"screen-reader-text\">La opini\u00f3n de nuestros patrocinadores #SereIngeniera19<\/span> <span class=\"meta-nav\">&rarr;<\/span><\/a><\/p>\n","protected":false},"author":7,"featured_media":0,"comment_status":"open","ping_status":"open","sticky":false,"template":"","format":"standard","meta":{"footnotes":"","_links_to":"","_links_to_target":""},"categories":[1],"tags":[182,204,207,230],"class_list":["post-1563","post","type-post","status-publish","format-standard","hentry","category-general","tag-campus","tag-patrocinadores","tag-proyectos","tag-sereingeniera19"],"yoast_head":"<!-- This site is optimized with the Yoast SEO plugin v27.5 - https:\/\/yoast.com\/product\/yoast-seo-wordpress\/ -->\n<title>La opini\u00f3n de nuestros patrocinadores #SereIngeniera19 - Ser\u00e9 Ingeniera<\/title>\n<meta name=\"robots\" content=\"index, follow, max-snippet:-1, max-image-preview:large, max-video-preview:-1\" \/>\n<link rel=\"canonical\" href=\"https:\/\/sereingeniera.ugr.es\/index.php\/2019\/06\/04\/la-opinion-de-nuestros-patrocinadores-sereingeniera19\/\" \/>\n<meta property=\"og:locale\" content=\"es_ES\" \/>\n<meta property=\"og:type\" content=\"article\" \/>\n<meta property=\"og:title\" content=\"La opini\u00f3n de nuestros patrocinadores #SereIngeniera19 - Ser\u00e9 Ingeniera\" \/>\n<meta property=\"og:description\" content=\"Este a\u00f1o para la nueva edici\u00f3n de\u00a0#SereIngeniera19 contamos con nuevos patrocinadores y muchos que repiten del a\u00f1o pasado. Nuestros patrocinadores han querido tambi\u00e9n dejarnos unas palabras para contarnos los motivos de su implicaci\u00f3n en el Campus y su preocupaci\u00f3n respecto a la brecha de g\u00e9nero que existe en las carreras cient\u00edfico-tecnol\u00f3gicas. Desde\u00a0PcComponentes nos comenta como &hellip; Seguir leyendo La opini\u00f3n de nuestros patrocinadores #SereIngeniera19 &rarr;\" \/>\n<meta property=\"og:url\" content=\"https:\/\/sereingeniera.ugr.es\/index.php\/2019\/06\/04\/la-opinion-de-nuestros-patrocinadores-sereingeniera19\/\" \/>\n<meta property=\"og:site_name\" content=\"Ser\u00e9 Ingeniera\" \/>\n<meta property=\"article:published_time\" content=\"2019-06-04T11:32:26+00:00\" \/>\n<meta property=\"og:image\" content=\"http:\/\/sereingeniera.ugr.es\/wp-content\/uploads\/Logo-PcComponentes-1024x419.jpg\" \/>\n<meta name=\"author\" content=\"conecta13\" \/>\n<meta name=\"twitter:card\" content=\"summary_large_image\" \/>\n<meta name=\"twitter:label1\" content=\"Escrito por\" \/>\n\t<meta name=\"twitter:data1\" content=\"conecta13\" \/>\n\t<meta name=\"twitter:label2\" content=\"Tiempo de lectura\" \/>\n\t<meta name=\"twitter:data2\" content=\"5 minutos\" \/>\n<script type=\"application\/ld+json\" class=\"yoast-schema-graph\">{\"@context\":\"https:\\\/\\\/schema.org\",\"@graph\":[{\"@type\":\"Article\",\"@id\":\"https:\\\/\\\/sereingeniera.ugr.es\\\/index.php\\\/2019\\\/06\\\/04\\\/la-opinion-de-nuestros-patrocinadores-sereingeniera19\\\/#article\",\"isPartOf\":{\"@id\":\"https:\\\/\\\/sereingeniera.ugr.es\\\/index.php\\\/2019\\\/06\\\/04\\\/la-opinion-de-nuestros-patrocinadores-sereingeniera19\\\/\"},\"author\":{\"name\":\"conecta13\",\"@id\":\"https:\\\/\\\/sereingeniera.ugr.es\\\/#\\\/schema\\\/person\\\/d76f5d763739a20d9e89476ffb5ec113\"},\"headline\":\"La opini\u00f3n de nuestros patrocinadores #SereIngeniera19\",\"datePublished\":\"2019-06-04T11:32:26+00:00\",\"mainEntityOfPage\":{\"@id\":\"https:\\\/\\\/sereingeniera.ugr.es\\\/index.php\\\/2019\\\/06\\\/04\\\/la-opinion-de-nuestros-patrocinadores-sereingeniera19\\\/\"},\"wordCount\":1074,\"commentCount\":0,\"image\":{\"@id\":\"https:\\\/\\\/sereingeniera.ugr.es\\\/index.php\\\/2019\\\/06\\\/04\\\/la-opinion-de-nuestros-patrocinadores-sereingeniera19\\\/#primaryimage\"},\"thumbnailUrl\":\"http:\\\/\\\/sereingeniera.ugr.es\\\/wp-content\\\/uploads\\\/Logo-PcComponentes-1024x419.jpg\",\"keywords\":[\"Campus\",\"patrocinadores\",\"proyectos\",\"sereingeniera19\"],\"articleSection\":[\"General\"],\"inLanguage\":\"es\",\"potentialAction\":[{\"@type\":\"CommentAction\",\"name\":\"Comment\",\"target\":[\"https:\\\/\\\/sereingeniera.ugr.es\\\/index.php\\\/2019\\\/06\\\/04\\\/la-opinion-de-nuestros-patrocinadores-sereingeniera19\\\/#respond\"]}]},{\"@type\":\"WebPage\",\"@id\":\"https:\\\/\\\/sereingeniera.ugr.es\\\/index.php\\\/2019\\\/06\\\/04\\\/la-opinion-de-nuestros-patrocinadores-sereingeniera19\\\/\",\"url\":\"https:\\\/\\\/sereingeniera.ugr.es\\\/index.php\\\/2019\\\/06\\\/04\\\/la-opinion-de-nuestros-patrocinadores-sereingeniera19\\\/\",\"name\":\"La opini\u00f3n de nuestros patrocinadores #SereIngeniera19 - Ser\u00e9 Ingeniera\",\"isPartOf\":{\"@id\":\"https:\\\/\\\/sereingeniera.ugr.es\\\/#website\"},\"primaryImageOfPage\":{\"@id\":\"https:\\\/\\\/sereingeniera.ugr.es\\\/index.php\\\/2019\\\/06\\\/04\\\/la-opinion-de-nuestros-patrocinadores-sereingeniera19\\\/#primaryimage\"},\"image\":{\"@id\":\"https:\\\/\\\/sereingeniera.ugr.es\\\/index.php\\\/2019\\\/06\\\/04\\\/la-opinion-de-nuestros-patrocinadores-sereingeniera19\\\/#primaryimage\"},\"thumbnailUrl\":\"http:\\\/\\\/sereingeniera.ugr.es\\\/wp-content\\\/uploads\\\/Logo-PcComponentes-1024x419.jpg\",\"datePublished\":\"2019-06-04T11:32:26+00:00\",\"author\":{\"@id\":\"https:\\\/\\\/sereingeniera.ugr.es\\\/#\\\/schema\\\/person\\\/d76f5d763739a20d9e89476ffb5ec113\"},\"breadcrumb\":{\"@id\":\"https:\\\/\\\/sereingeniera.ugr.es\\\/index.php\\\/2019\\\/06\\\/04\\\/la-opinion-de-nuestros-patrocinadores-sereingeniera19\\\/#breadcrumb\"},\"inLanguage\":\"es\",\"potentialAction\":[{\"@type\":\"ReadAction\",\"target\":[\"https:\\\/\\\/sereingeniera.ugr.es\\\/index.php\\\/2019\\\/06\\\/04\\\/la-opinion-de-nuestros-patrocinadores-sereingeniera19\\\/\"]}]},{\"@type\":\"ImageObject\",\"inLanguage\":\"es\",\"@id\":\"https:\\\/\\\/sereingeniera.ugr.es\\\/index.php\\\/2019\\\/06\\\/04\\\/la-opinion-de-nuestros-patrocinadores-sereingeniera19\\\/#primaryimage\",\"url\":\"http:\\\/\\\/sereingeniera.ugr.es\\\/wp-content\\\/uploads\\\/Logo-PcComponentes-1024x419.jpg\",\"contentUrl\":\"http:\\\/\\\/sereingeniera.ugr.es\\\/wp-content\\\/uploads\\\/Logo-PcComponentes-1024x419.jpg\"},{\"@type\":\"BreadcrumbList\",\"@id\":\"https:\\\/\\\/sereingeniera.ugr.es\\\/index.php\\\/2019\\\/06\\\/04\\\/la-opinion-de-nuestros-patrocinadores-sereingeniera19\\\/#breadcrumb\",\"itemListElement\":[{\"@type\":\"ListItem\",\"position\":1,\"name\":\"Portada\",\"item\":\"https:\\\/\\\/sereingeniera.ugr.es\\\/\"},{\"@type\":\"ListItem\",\"position\":2,\"name\":\"La opini\u00f3n de nuestros patrocinadores #SereIngeniera19\"}]},{\"@type\":\"WebSite\",\"@id\":\"https:\\\/\\\/sereingeniera.ugr.es\\\/#website\",\"url\":\"https:\\\/\\\/sereingeniera.ugr.es\\\/\",\"name\":\"Ser\u00e9 Ingeniera\",\"description\":\"\",\"potentialAction\":[{\"@type\":\"SearchAction\",\"target\":{\"@type\":\"EntryPoint\",\"urlTemplate\":\"https:\\\/\\\/sereingeniera.ugr.es\\\/?s={search_term_string}\"},\"query-input\":{\"@type\":\"PropertyValueSpecification\",\"valueRequired\":true,\"valueName\":\"search_term_string\"}}],\"inLanguage\":\"es\"},{\"@type\":\"Person\",\"@id\":\"https:\\\/\\\/sereingeniera.ugr.es\\\/#\\\/schema\\\/person\\\/d76f5d763739a20d9e89476ffb5ec113\",\"name\":\"conecta13\",\"image\":{\"@type\":\"ImageObject\",\"inLanguage\":\"es\",\"@id\":\"https:\\\/\\\/secure.gravatar.com\\\/avatar\\\/09518be6c7616934474c7ee8db5d3cd5e43b6736070221b54514311ca5b8606b?s=96&d=monsterid&r=g\",\"url\":\"https:\\\/\\\/secure.gravatar.com\\\/avatar\\\/09518be6c7616934474c7ee8db5d3cd5e43b6736070221b54514311ca5b8606b?s=96&d=monsterid&r=g\",\"contentUrl\":\"https:\\\/\\\/secure.gravatar.com\\\/avatar\\\/09518be6c7616934474c7ee8db5d3cd5e43b6736070221b54514311ca5b8606b?s=96&d=monsterid&r=g\",\"caption\":\"conecta13\"},\"sameAs\":[\"http:\\\/\\\/conecta13.com\\\/\"],\"url\":\"https:\\\/\\\/sereingeniera.ugr.es\\\/index.php\\\/author\\\/conecta13\\\/\"}]}<\/script>\n<!-- \/ Yoast SEO plugin. -->","yoast_head_json":{"title":"La opini\u00f3n de nuestros patrocinadores #SereIngeniera19 - Ser\u00e9 Ingeniera","robots":{"index":"index","follow":"follow","max-snippet":"max-snippet:-1","max-image-preview":"max-image-preview:large","max-video-preview":"max-video-preview:-1"},"canonical":"https:\/\/sereingeniera.ugr.es\/index.php\/2019\/06\/04\/la-opinion-de-nuestros-patrocinadores-sereingeniera19\/","og_locale":"es_ES","og_type":"article","og_title":"La opini\u00f3n de nuestros patrocinadores #SereIngeniera19 - Ser\u00e9 Ingeniera","og_description":"Este a\u00f1o para la nueva edici\u00f3n de\u00a0#SereIngeniera19 contamos con nuevos patrocinadores y muchos que repiten del a\u00f1o pasado. Nuestros patrocinadores han querido tambi\u00e9n dejarnos unas palabras para contarnos los motivos de su implicaci\u00f3n en el Campus y su preocupaci\u00f3n respecto a la brecha de g\u00e9nero que existe en las carreras cient\u00edfico-tecnol\u00f3gicas. Desde\u00a0PcComponentes nos comenta como &hellip; Seguir leyendo La opini\u00f3n de nuestros patrocinadores #SereIngeniera19 &rarr;","og_url":"https:\/\/sereingeniera.ugr.es\/index.php\/2019\/06\/04\/la-opinion-de-nuestros-patrocinadores-sereingeniera19\/","og_site_name":"Ser\u00e9 Ingeniera","article_published_time":"2019-06-04T11:32:26+00:00","og_image":[{"url":"http:\/\/sereingeniera.ugr.es\/wp-content\/uploads\/Logo-PcComponentes-1024x419.jpg","type":"","width":"","height":""}],"author":"conecta13","twitter_card":"summary_large_image","twitter_misc":{"Escrito por":"conecta13","Tiempo de lectura":"5 minutos"},"schema":{"@context":"https:\/\/schema.org","@graph":[{"@type":"Article","@id":"https:\/\/sereingeniera.ugr.es\/index.php\/2019\/06\/04\/la-opinion-de-nuestros-patrocinadores-sereingeniera19\/#article","isPartOf":{"@id":"https:\/\/sereingeniera.ugr.es\/index.php\/2019\/06\/04\/la-opinion-de-nuestros-patrocinadores-sereingeniera19\/"},"author":{"name":"conecta13","@id":"https:\/\/sereingeniera.ugr.es\/#\/schema\/person\/d76f5d763739a20d9e89476ffb5ec113"},"headline":"La opini\u00f3n de nuestros patrocinadores #SereIngeniera19","datePublished":"2019-06-04T11:32:26+00:00","mainEntityOfPage":{"@id":"https:\/\/sereingeniera.ugr.es\/index.php\/2019\/06\/04\/la-opinion-de-nuestros-patrocinadores-sereingeniera19\/"},"wordCount":1074,"commentCount":0,"image":{"@id":"https:\/\/sereingeniera.ugr.es\/index.php\/2019\/06\/04\/la-opinion-de-nuestros-patrocinadores-sereingeniera19\/#primaryimage"},"thumbnailUrl":"http:\/\/sereingeniera.ugr.es\/wp-content\/uploads\/Logo-PcComponentes-1024x419.jpg","keywords":["Campus","patrocinadores","proyectos","sereingeniera19"],"articleSection":["General"],"inLanguage":"es","potentialAction":[{"@type":"CommentAction","name":"Comment","target":["https:\/\/sereingeniera.ugr.es\/index.php\/2019\/06\/04\/la-opinion-de-nuestros-patrocinadores-sereingeniera19\/#respond"]}]},{"@type":"WebPage","@id":"https:\/\/sereingeniera.ugr.es\/index.php\/2019\/06\/04\/la-opinion-de-nuestros-patrocinadores-sereingeniera19\/","url":"https:\/\/sereingeniera.ugr.es\/index.php\/2019\/06\/04\/la-opinion-de-nuestros-patrocinadores-sereingeniera19\/","name":"La opini\u00f3n de nuestros patrocinadores #SereIngeniera19 - Ser\u00e9 Ingeniera","isPartOf":{"@id":"https:\/\/sereingeniera.ugr.es\/#website"},"primaryImageOfPage":{"@id":"https:\/\/sereingeniera.ugr.es\/index.php\/2019\/06\/04\/la-opinion-de-nuestros-patrocinadores-sereingeniera19\/#primaryimage"},"image":{"@id":"https:\/\/sereingeniera.ugr.es\/index.php\/2019\/06\/04\/la-opinion-de-nuestros-patrocinadores-sereingeniera19\/#primaryimage"},"thumbnailUrl":"http:\/\/sereingeniera.ugr.es\/wp-content\/uploads\/Logo-PcComponentes-1024x419.jpg","datePublished":"2019-06-04T11:32:26+00:00","author":{"@id":"https:\/\/sereingeniera.ugr.es\/#\/schema\/person\/d76f5d763739a20d9e89476ffb5ec113"},"breadcrumb":{"@id":"https:\/\/sereingeniera.ugr.es\/index.php\/2019\/06\/04\/la-opinion-de-nuestros-patrocinadores-sereingeniera19\/#breadcrumb"},"inLanguage":"es","potentialAction":[{"@type":"ReadAction","target":["https:\/\/sereingeniera.ugr.es\/index.php\/2019\/06\/04\/la-opinion-de-nuestros-patrocinadores-sereingeniera19\/"]}]},{"@type":"ImageObject","inLanguage":"es","@id":"https:\/\/sereingeniera.ugr.es\/index.php\/2019\/06\/04\/la-opinion-de-nuestros-patrocinadores-sereingeniera19\/#primaryimage","url":"http:\/\/sereingeniera.ugr.es\/wp-content\/uploads\/Logo-PcComponentes-1024x419.jpg","contentUrl":"http:\/\/sereingeniera.ugr.es\/wp-content\/uploads\/Logo-PcComponentes-1024x419.jpg"},{"@type":"BreadcrumbList","@id":"https:\/\/sereingeniera.ugr.es\/index.php\/2019\/06\/04\/la-opinion-de-nuestros-patrocinadores-sereingeniera19\/#breadcrumb","itemListElement":[{"@type":"ListItem","position":1,"name":"Portada","item":"https:\/\/sereingeniera.ugr.es\/"},{"@type":"ListItem","position":2,"name":"La opini\u00f3n de nuestros patrocinadores #SereIngeniera19"}]},{"@type":"WebSite","@id":"https:\/\/sereingeniera.ugr.es\/#website","url":"https:\/\/sereingeniera.ugr.es\/","name":"Ser\u00e9 Ingeniera","description":"","potentialAction":[{"@type":"SearchAction","target":{"@type":"EntryPoint","urlTemplate":"https:\/\/sereingeniera.ugr.es\/?s={search_term_string}"},"query-input":{"@type":"PropertyValueSpecification","valueRequired":true,"valueName":"search_term_string"}}],"inLanguage":"es"},{"@type":"Person","@id":"https:\/\/sereingeniera.ugr.es\/#\/schema\/person\/d76f5d763739a20d9e89476ffb5ec113","name":"conecta13","image":{"@type":"ImageObject","inLanguage":"es","@id":"https:\/\/secure.gravatar.com\/avatar\/09518be6c7616934474c7ee8db5d3cd5e43b6736070221b54514311ca5b8606b?s=96&d=monsterid&r=g","url":"https:\/\/secure.gravatar.com\/avatar\/09518be6c7616934474c7ee8db5d3cd5e43b6736070221b54514311ca5b8606b?s=96&d=monsterid&r=g","contentUrl":"https:\/\/secure.gravatar.com\/avatar\/09518be6c7616934474c7ee8db5d3cd5e43b6736070221b54514311ca5b8606b?s=96&d=monsterid&r=g","caption":"conecta13"},"sameAs":["http:\/\/conecta13.com\/"],"url":"https:\/\/sereingeniera.ugr.es\/index.php\/author\/conecta13\/"}]}},"_links":{"self":[{"href":"https:\/\/sereingeniera.ugr.es\/index.php\/wp-json\/wp\/v2\/posts\/1563","targetHints":{"allow":["GET"]}}],"collection":[{"href":"https:\/\/sereingeniera.ugr.es\/index.php\/wp-json\/wp\/v2\/posts"}],"about":[{"href":"https:\/\/sereingeniera.ugr.es\/index.php\/wp-json\/wp\/v2\/types\/post"}],"author":[{"embeddable":true,"href":"https:\/\/sereingeniera.ugr.es\/index.php\/wp-json\/wp\/v2\/users\/7"}],"replies":[{"embeddable":true,"href":"https:\/\/sereingeniera.ugr.es\/index.php\/wp-json\/wp\/v2\/comments?post=1563"}],"version-history":[{"count":25,"href":"https:\/\/sereingeniera.ugr.es\/index.php\/wp-json\/wp\/v2\/posts\/1563\/revisions"}],"predecessor-version":[{"id":1616,"href":"https:\/\/sereingeniera.ugr.es\/index.php\/wp-json\/wp\/v2\/posts\/1563\/revisions\/1616"}],"wp:attachment":[{"href":"https:\/\/sereingeniera.ugr.es\/index.php\/wp-json\/wp\/v2\/media?parent=1563"}],"wp:term":[{"taxonomy":"category","embeddable":true,"href":"https:\/\/sereingeniera.ugr.es\/index.php\/wp-json\/wp\/v2\/categories?post=1563"},{"taxonomy":"post_tag","embeddable":true,"href":"https:\/\/sereingeniera.ugr.es\/index.php\/wp-json\/wp\/v2\/tags?post=1563"}],"curies":[{"name":"wp","href":"https:\/\/api.w.org\/{rel}","templated":true}]}}