{"id":1289,"date":"2018-06-18T10:52:28","date_gmt":"2018-06-18T09:52:28","guid":{"rendered":"http:\/\/sereingeniera.ugr.es\/?p=1289"},"modified":"2018-06-26T09:09:26","modified_gmt":"2018-06-26T08:09:26","slug":"programa-y-actividades-complementarias-sereingeniera18","status":"publish","type":"post","link":"https:\/\/sereingeniera.ugr.es\/index.php\/2018\/06\/18\/programa-y-actividades-complementarias-sereingeniera18\/","title":{"rendered":"Programa y actividades complementarias #sereingeniera18 #Granada"},"content":{"rendered":"<p>Nos vamos acercando a las fechas se\u00f1aladas para el inicio de los Campus, y queremos compartir con todas aquellas personas interesadas\u00a0 en nuestros Campus <a href=\"https:\/\/twitter.com\/sereingeniera\" target=\"_blank\" rel=\"noopener\">#sereingeniera18<\/a> el <strong>programa completo y las actividades paralelas y abiertas<\/strong> que estamos preparando y a las que pod\u00e9is asistir en la sede de Granada.<\/p>\n<p>A lo largo de las dos semanas que duran los campus, <strong>del 2 al 13 de julio de 2018<\/strong> y <strong>en la sede de Granada<\/strong>, se realizar\u00e1n varias <strong>actividades gratuitas y paralelas al programa oficial<\/strong>, que estar\u00e1n abiertas a todas las chicas que se pre-inscribieron a pesar de no haber obtenido una plaza para asistir al Campus, as\u00ed como a patrocinadores, familias&#8230; dependiendo de la actividad y hasta completar aforo.<\/p>\n<p>Estas actividades complementarias son:<\/p>\n<ul>\n<li><strong>Inauguraci\u00f3n<\/strong> del Campus Ser\u00e9 Ingeniera 2018 el lunes 2 de julio, con la presencia de la Rectora Magn\u00edfica D\u00aa Pilar Aranda.<\/li>\n<li><strong>Taller pr\u00e1ctico<\/strong> sobre Management 3.0 el mi\u00e9rcoles 4 de julio, a cargo de la empresa patrocinadora\u00a0Novatec Software Development.<\/li>\n<li><strong>Proyecci\u00f3n de\u00a0la pel\u00edcula<\/strong> \u00abEl Enigma Agustina\u00bb el jueves 5 de julio en el sal\u00f3n de actos de la ETSIIT.<\/li>\n<li><strong>Taller MBOTS<\/strong> el 10\u00a0de julio (y otros d\u00edas si hay demanda).<\/li>\n<li><strong>Clausura<\/strong> del Campus Ser\u00e9 Ingeniera 2018 el viernes 13 de julio, con D\u00aa Teresa Ortega, m\u00e1xima representante del Vicerrectorado de Responsabilidad Social, Igualdad e Inclusi\u00f3n entre otros.<\/li>\n<\/ul>\n<p>Si te interesa alguna de estas actividades puedes ver <strong>m\u00e1s detalles e inscribirte<\/strong> en el <strong><a href=\"https:\/\/docs.google.com\/forms\/d\/e\/1FAIpQLSdE3mS1EqSysDIbitip-3nqCdDR_G0HGfgo-DQDjAjt3S2QEw\/viewform\" target=\"_blank\" rel=\"noopener\">formulario de inscripci\u00f3n<\/a>.<\/strong> Por favor, rellena todos los campos del <strong><a href=\"https:\/\/docs.google.com\/forms\/d\/e\/1FAIpQLSdE3mS1EqSysDIbitip-3nqCdDR_G0HGfgo-DQDjAjt3S2QEw\/viewform\" target=\"_blank\" rel=\"noopener\">formulario de inscripci\u00f3n<\/a><\/strong> para las actividades extra en las que te interese participar durante el Campus <a href=\"https:\/\/twitter.com\/sereingeniera\" target=\"_blank\" rel=\"noopener\">#sereingeniera18<\/a>,\u00a0 de modo que podamos confirmar tu asistencia sin problemas.<\/p>\n<p>Pod\u00e9is consultar <strong>el programa completo de las actividades de los Campus\u00a02018<\/strong> y las actividades complementarias en el siguiente documento (o pinchando en <a href=\"https:\/\/drive.google.com\/open?id=1y_noMS1sQF8IUnHxTRbXGYh_25TZ17uC\" target=\"_blank\" rel=\"noopener\">el enlace<\/a>), donde encontrar\u00e9is tambi\u00e9n <strong>detalles e informaci\u00f3n de contacto<\/strong> para resolver cualquier duda o consulta.<\/p>\n<p><iframe loading=\"lazy\" src=\"https:\/\/drive.google.com\/file\/d\/1y_noMS1sQF8IUnHxTRbXGYh_25TZ17uC\/preview\" width=\"640\" height=\"480\"><\/iframe><\/p>\n<p style=\"text-align: center;\">\u00a0<a href=\"https:\/\/drive.google.com\/file\/d\/1i9ctoqkXXF1-iGXhEQ2OY6rPA_s9VbXG\/view?usp=sharing\" target=\"_blank\" rel=\"noopener\">Programa completo Campus Tecnol\u00f3gicos para chicas 2018, Granada<\/a><\/p>\n<p>\u00a1Ap\u00fantate, te esperamos!<\/p>\n<p>&nbsp;<\/p>\n","protected":false},"excerpt":{"rendered":"<p>Nos vamos acercando a las fechas se\u00f1aladas para el inicio de los Campus, y queremos compartir con todas aquellas personas interesadas\u00a0 en nuestros Campus #sereingeniera18 el programa completo y las actividades paralelas y abiertas que estamos preparando y a las que pod\u00e9is asistir en la sede de Granada. A lo largo de las dos semanas &hellip; <a href=\"https:\/\/sereingeniera.ugr.es\/index.php\/2018\/06\/18\/programa-y-actividades-complementarias-sereingeniera18\/\" class=\"more-link\">Seguir leyendo <span class=\"screen-reader-text\">Programa y actividades complementarias #sereingeniera18 #Granada<\/span> <span class=\"meta-nav\">&rarr;<\/span><\/a><\/p>\n","protected":false},"author":7,"featured_media":0,"comment_status":"open","ping_status":"open","sticky":false,"template":"","format":"standard","meta":{"footnotes":"","_links_to":"","_links_to_target":""},"categories":[1],"tags":[213,210,212,211,150,209],"class_list":["post-1289","post","type-post","status-publish","format-standard","hentry","category-general","tag-actividades-abiertas","tag-actividades-extra","tag-actividades-stem","tag-formulario","tag-mujeres-en-stem","tag-programa"],"yoast_head":"<!-- This site is optimized with the Yoast SEO plugin v27.5 - https:\/\/yoast.com\/product\/yoast-seo-wordpress\/ -->\n<title>Programa y actividades complementarias #sereingeniera18 #Granada - Ser\u00e9 Ingeniera<\/title>\n<meta name=\"robots\" content=\"index, follow, max-snippet:-1, max-image-preview:large, max-video-preview:-1\" \/>\n<link rel=\"canonical\" href=\"https:\/\/sereingeniera.ugr.es\/index.php\/2018\/06\/18\/programa-y-actividades-complementarias-sereingeniera18\/\" \/>\n<meta property=\"og:locale\" content=\"es_ES\" \/>\n<meta property=\"og:type\" content=\"article\" \/>\n<meta property=\"og:title\" content=\"Programa y actividades complementarias #sereingeniera18 #Granada - Ser\u00e9 Ingeniera\" \/>\n<meta property=\"og:description\" content=\"Nos vamos acercando a las fechas se\u00f1aladas para el inicio de los Campus, y queremos compartir con todas aquellas personas interesadas\u00a0 en nuestros Campus #sereingeniera18 el programa completo y las actividades paralelas y abiertas que estamos preparando y a las que pod\u00e9is asistir en la sede de Granada. A lo largo de las dos semanas &hellip; Seguir leyendo Programa y actividades complementarias #sereingeniera18 #Granada &rarr;\" \/>\n<meta property=\"og:url\" content=\"https:\/\/sereingeniera.ugr.es\/index.php\/2018\/06\/18\/programa-y-actividades-complementarias-sereingeniera18\/\" \/>\n<meta property=\"og:site_name\" content=\"Ser\u00e9 Ingeniera\" \/>\n<meta property=\"article:published_time\" content=\"2018-06-18T09:52:28+00:00\" \/>\n<meta property=\"article:modified_time\" content=\"2018-06-26T08:09:26+00:00\" \/>\n<meta name=\"author\" content=\"conecta13\" \/>\n<meta name=\"twitter:card\" content=\"summary_large_image\" \/>\n<meta name=\"twitter:label1\" content=\"Escrito por\" \/>\n\t<meta name=\"twitter:data1\" content=\"conecta13\" \/>\n\t<meta name=\"twitter:label2\" content=\"Tiempo de lectura\" \/>\n\t<meta name=\"twitter:data2\" content=\"2 minutos\" \/>\n<script type=\"application\/ld+json\" class=\"yoast-schema-graph\">{\"@context\":\"https:\\\/\\\/schema.org\",\"@graph\":[{\"@type\":\"Article\",\"@id\":\"https:\\\/\\\/sereingeniera.ugr.es\\\/index.php\\\/2018\\\/06\\\/18\\\/programa-y-actividades-complementarias-sereingeniera18\\\/#article\",\"isPartOf\":{\"@id\":\"https:\\\/\\\/sereingeniera.ugr.es\\\/index.php\\\/2018\\\/06\\\/18\\\/programa-y-actividades-complementarias-sereingeniera18\\\/\"},\"author\":{\"name\":\"conecta13\",\"@id\":\"https:\\\/\\\/sereingeniera.ugr.es\\\/#\\\/schema\\\/person\\\/d76f5d763739a20d9e89476ffb5ec113\"},\"headline\":\"Programa y actividades complementarias #sereingeniera18 #Granada\",\"datePublished\":\"2018-06-18T09:52:28+00:00\",\"dateModified\":\"2018-06-26T08:09:26+00:00\",\"mainEntityOfPage\":{\"@id\":\"https:\\\/\\\/sereingeniera.ugr.es\\\/index.php\\\/2018\\\/06\\\/18\\\/programa-y-actividades-complementarias-sereingeniera18\\\/\"},\"wordCount\":339,\"commentCount\":0,\"keywords\":[\"actividades abiertas\",\"actividades extra\",\"actividades STEM\",\"formulario\",\"Mujeres en STEM\",\"programa\"],\"articleSection\":[\"General\"],\"inLanguage\":\"es\",\"potentialAction\":[{\"@type\":\"CommentAction\",\"name\":\"Comment\",\"target\":[\"https:\\\/\\\/sereingeniera.ugr.es\\\/index.php\\\/2018\\\/06\\\/18\\\/programa-y-actividades-complementarias-sereingeniera18\\\/#respond\"]}]},{\"@type\":\"WebPage\",\"@id\":\"https:\\\/\\\/sereingeniera.ugr.es\\\/index.php\\\/2018\\\/06\\\/18\\\/programa-y-actividades-complementarias-sereingeniera18\\\/\",\"url\":\"https:\\\/\\\/sereingeniera.ugr.es\\\/index.php\\\/2018\\\/06\\\/18\\\/programa-y-actividades-complementarias-sereingeniera18\\\/\",\"name\":\"Programa y actividades complementarias #sereingeniera18 #Granada - Ser\u00e9 Ingeniera\",\"isPartOf\":{\"@id\":\"https:\\\/\\\/sereingeniera.ugr.es\\\/#website\"},\"datePublished\":\"2018-06-18T09:52:28+00:00\",\"dateModified\":\"2018-06-26T08:09:26+00:00\",\"author\":{\"@id\":\"https:\\\/\\\/sereingeniera.ugr.es\\\/#\\\/schema\\\/person\\\/d76f5d763739a20d9e89476ffb5ec113\"},\"breadcrumb\":{\"@id\":\"https:\\\/\\\/sereingeniera.ugr.es\\\/index.php\\\/2018\\\/06\\\/18\\\/programa-y-actividades-complementarias-sereingeniera18\\\/#breadcrumb\"},\"inLanguage\":\"es\",\"potentialAction\":[{\"@type\":\"ReadAction\",\"target\":[\"https:\\\/\\\/sereingeniera.ugr.es\\\/index.php\\\/2018\\\/06\\\/18\\\/programa-y-actividades-complementarias-sereingeniera18\\\/\"]}]},{\"@type\":\"BreadcrumbList\",\"@id\":\"https:\\\/\\\/sereingeniera.ugr.es\\\/index.php\\\/2018\\\/06\\\/18\\\/programa-y-actividades-complementarias-sereingeniera18\\\/#breadcrumb\",\"itemListElement\":[{\"@type\":\"ListItem\",\"position\":1,\"name\":\"Portada\",\"item\":\"https:\\\/\\\/sereingeniera.ugr.es\\\/\"},{\"@type\":\"ListItem\",\"position\":2,\"name\":\"Programa y actividades complementarias #sereingeniera18 #Granada\"}]},{\"@type\":\"WebSite\",\"@id\":\"https:\\\/\\\/sereingeniera.ugr.es\\\/#website\",\"url\":\"https:\\\/\\\/sereingeniera.ugr.es\\\/\",\"name\":\"Ser\u00e9 Ingeniera\",\"description\":\"\",\"potentialAction\":[{\"@type\":\"SearchAction\",\"target\":{\"@type\":\"EntryPoint\",\"urlTemplate\":\"https:\\\/\\\/sereingeniera.ugr.es\\\/?s={search_term_string}\"},\"query-input\":{\"@type\":\"PropertyValueSpecification\",\"valueRequired\":true,\"valueName\":\"search_term_string\"}}],\"inLanguage\":\"es\"},{\"@type\":\"Person\",\"@id\":\"https:\\\/\\\/sereingeniera.ugr.es\\\/#\\\/schema\\\/person\\\/d76f5d763739a20d9e89476ffb5ec113\",\"name\":\"conecta13\",\"image\":{\"@type\":\"ImageObject\",\"inLanguage\":\"es\",\"@id\":\"https:\\\/\\\/secure.gravatar.com\\\/avatar\\\/09518be6c7616934474c7ee8db5d3cd5e43b6736070221b54514311ca5b8606b?s=96&d=monsterid&r=g\",\"url\":\"https:\\\/\\\/secure.gravatar.com\\\/avatar\\\/09518be6c7616934474c7ee8db5d3cd5e43b6736070221b54514311ca5b8606b?s=96&d=monsterid&r=g\",\"contentUrl\":\"https:\\\/\\\/secure.gravatar.com\\\/avatar\\\/09518be6c7616934474c7ee8db5d3cd5e43b6736070221b54514311ca5b8606b?s=96&d=monsterid&r=g\",\"caption\":\"conecta13\"},\"sameAs\":[\"http:\\\/\\\/conecta13.com\\\/\"],\"url\":\"https:\\\/\\\/sereingeniera.ugr.es\\\/index.php\\\/author\\\/conecta13\\\/\"}]}<\/script>\n<!-- \/ Yoast SEO plugin. -->","yoast_head_json":{"title":"Programa y actividades complementarias #sereingeniera18 #Granada - Ser\u00e9 Ingeniera","robots":{"index":"index","follow":"follow","max-snippet":"max-snippet:-1","max-image-preview":"max-image-preview:large","max-video-preview":"max-video-preview:-1"},"canonical":"https:\/\/sereingeniera.ugr.es\/index.php\/2018\/06\/18\/programa-y-actividades-complementarias-sereingeniera18\/","og_locale":"es_ES","og_type":"article","og_title":"Programa y actividades complementarias #sereingeniera18 #Granada - Ser\u00e9 Ingeniera","og_description":"Nos vamos acercando a las fechas se\u00f1aladas para el inicio de los Campus, y queremos compartir con todas aquellas personas interesadas\u00a0 en nuestros Campus #sereingeniera18 el programa completo y las actividades paralelas y abiertas que estamos preparando y a las que pod\u00e9is asistir en la sede de Granada. A lo largo de las dos semanas &hellip; Seguir leyendo Programa y actividades complementarias #sereingeniera18 #Granada &rarr;","og_url":"https:\/\/sereingeniera.ugr.es\/index.php\/2018\/06\/18\/programa-y-actividades-complementarias-sereingeniera18\/","og_site_name":"Ser\u00e9 Ingeniera","article_published_time":"2018-06-18T09:52:28+00:00","article_modified_time":"2018-06-26T08:09:26+00:00","author":"conecta13","twitter_card":"summary_large_image","twitter_misc":{"Escrito por":"conecta13","Tiempo de lectura":"2 minutos"},"schema":{"@context":"https:\/\/schema.org","@graph":[{"@type":"Article","@id":"https:\/\/sereingeniera.ugr.es\/index.php\/2018\/06\/18\/programa-y-actividades-complementarias-sereingeniera18\/#article","isPartOf":{"@id":"https:\/\/sereingeniera.ugr.es\/index.php\/2018\/06\/18\/programa-y-actividades-complementarias-sereingeniera18\/"},"author":{"name":"conecta13","@id":"https:\/\/sereingeniera.ugr.es\/#\/schema\/person\/d76f5d763739a20d9e89476ffb5ec113"},"headline":"Programa y actividades complementarias #sereingeniera18 #Granada","datePublished":"2018-06-18T09:52:28+00:00","dateModified":"2018-06-26T08:09:26+00:00","mainEntityOfPage":{"@id":"https:\/\/sereingeniera.ugr.es\/index.php\/2018\/06\/18\/programa-y-actividades-complementarias-sereingeniera18\/"},"wordCount":339,"commentCount":0,"keywords":["actividades abiertas","actividades extra","actividades STEM","formulario","Mujeres en STEM","programa"],"articleSection":["General"],"inLanguage":"es","potentialAction":[{"@type":"CommentAction","name":"Comment","target":["https:\/\/sereingeniera.ugr.es\/index.php\/2018\/06\/18\/programa-y-actividades-complementarias-sereingeniera18\/#respond"]}]},{"@type":"WebPage","@id":"https:\/\/sereingeniera.ugr.es\/index.php\/2018\/06\/18\/programa-y-actividades-complementarias-sereingeniera18\/","url":"https:\/\/sereingeniera.ugr.es\/index.php\/2018\/06\/18\/programa-y-actividades-complementarias-sereingeniera18\/","name":"Programa y actividades complementarias #sereingeniera18 #Granada - Ser\u00e9 Ingeniera","isPartOf":{"@id":"https:\/\/sereingeniera.ugr.es\/#website"},"datePublished":"2018-06-18T09:52:28+00:00","dateModified":"2018-06-26T08:09:26+00:00","author":{"@id":"https:\/\/sereingeniera.ugr.es\/#\/schema\/person\/d76f5d763739a20d9e89476ffb5ec113"},"breadcrumb":{"@id":"https:\/\/sereingeniera.ugr.es\/index.php\/2018\/06\/18\/programa-y-actividades-complementarias-sereingeniera18\/#breadcrumb"},"inLanguage":"es","potentialAction":[{"@type":"ReadAction","target":["https:\/\/sereingeniera.ugr.es\/index.php\/2018\/06\/18\/programa-y-actividades-complementarias-sereingeniera18\/"]}]},{"@type":"BreadcrumbList","@id":"https:\/\/sereingeniera.ugr.es\/index.php\/2018\/06\/18\/programa-y-actividades-complementarias-sereingeniera18\/#breadcrumb","itemListElement":[{"@type":"ListItem","position":1,"name":"Portada","item":"https:\/\/sereingeniera.ugr.es\/"},{"@type":"ListItem","position":2,"name":"Programa y actividades complementarias #sereingeniera18 #Granada"}]},{"@type":"WebSite","@id":"https:\/\/sereingeniera.ugr.es\/#website","url":"https:\/\/sereingeniera.ugr.es\/","name":"Ser\u00e9 Ingeniera","description":"","potentialAction":[{"@type":"SearchAction","target":{"@type":"EntryPoint","urlTemplate":"https:\/\/sereingeniera.ugr.es\/?s={search_term_string}"},"query-input":{"@type":"PropertyValueSpecification","valueRequired":true,"valueName":"search_term_string"}}],"inLanguage":"es"},{"@type":"Person","@id":"https:\/\/sereingeniera.ugr.es\/#\/schema\/person\/d76f5d763739a20d9e89476ffb5ec113","name":"conecta13","image":{"@type":"ImageObject","inLanguage":"es","@id":"https:\/\/secure.gravatar.com\/avatar\/09518be6c7616934474c7ee8db5d3cd5e43b6736070221b54514311ca5b8606b?s=96&d=monsterid&r=g","url":"https:\/\/secure.gravatar.com\/avatar\/09518be6c7616934474c7ee8db5d3cd5e43b6736070221b54514311ca5b8606b?s=96&d=monsterid&r=g","contentUrl":"https:\/\/secure.gravatar.com\/avatar\/09518be6c7616934474c7ee8db5d3cd5e43b6736070221b54514311ca5b8606b?s=96&d=monsterid&r=g","caption":"conecta13"},"sameAs":["http:\/\/conecta13.com\/"],"url":"https:\/\/sereingeniera.ugr.es\/index.php\/author\/conecta13\/"}]}},"_links":{"self":[{"href":"https:\/\/sereingeniera.ugr.es\/index.php\/wp-json\/wp\/v2\/posts\/1289","targetHints":{"allow":["GET"]}}],"collection":[{"href":"https:\/\/sereingeniera.ugr.es\/index.php\/wp-json\/wp\/v2\/posts"}],"about":[{"href":"https:\/\/sereingeniera.ugr.es\/index.php\/wp-json\/wp\/v2\/types\/post"}],"author":[{"embeddable":true,"href":"https:\/\/sereingeniera.ugr.es\/index.php\/wp-json\/wp\/v2\/users\/7"}],"replies":[{"embeddable":true,"href":"https:\/\/sereingeniera.ugr.es\/index.php\/wp-json\/wp\/v2\/comments?post=1289"}],"version-history":[{"count":11,"href":"https:\/\/sereingeniera.ugr.es\/index.php\/wp-json\/wp\/v2\/posts\/1289\/revisions"}],"predecessor-version":[{"id":1308,"href":"https:\/\/sereingeniera.ugr.es\/index.php\/wp-json\/wp\/v2\/posts\/1289\/revisions\/1308"}],"wp:attachment":[{"href":"https:\/\/sereingeniera.ugr.es\/index.php\/wp-json\/wp\/v2\/media?parent=1289"}],"wp:term":[{"taxonomy":"category","embeddable":true,"href":"https:\/\/sereingeniera.ugr.es\/index.php\/wp-json\/wp\/v2\/categories?post=1289"},{"taxonomy":"post_tag","embeddable":true,"href":"https:\/\/sereingeniera.ugr.es\/index.php\/wp-json\/wp\/v2\/tags?post=1289"}],"curies":[{"name":"wp","href":"https:\/\/api.w.org\/{rel}","templated":true}]}}